{"id":118464,"date":"2021-06-12T10:45:45","date_gmt":"2021-06-12T14:45:45","guid":{"rendered":"https:\/\/linitiative.ca\/International\/lonmt-se-mobilise-pour-reactiver-les-routes-aeriennes\/"},"modified":"2021-06-12T10:45:45","modified_gmt":"2021-06-12T14:45:45","slug":"lonmt-se-mobilise-pour-reactiver-les-routes-aeriennes","status":"publish","type":"post","link":"https:\/\/linitiative.ca\/International\/lonmt-se-mobilise-pour-reactiver-les-routes-aeriennes\/","title":{"rendered":"L\u2019ONMT se mobilise pour r\u00e9activer les routes a\u00e9riennes"},"content":{"rendered":"<div readability=\"33\">\n<p>L\u2019Office National Marocain du Tourisme (ONMT) organise le 14 juin courant une nouvelle \u00e9dition des TMD \u00ab\u00a0Tourism Marketing Days\u00a0\u00bb sous le th\u00e8me \u00ab\u00a0TMD Sky-Restart\u00a0\u00bb.<\/p>\n<\/div>\n<div readability=\"78\">\n<p>Organis\u00e9e \u00e0 J-1 de la reprise progressive des arriv\u00e9es touristiques au Maroc pr\u00e9vue le 15 juin, cette \u00e9mission r\u00e9alis\u00e9e depuis l\u2019a\u00e9roport Mohammed V de Casablanca a pour but d\u2019informer et de sensibiliser l\u2019ensemble des op\u00e9rateurs du tourisme et l\u2019opinion publique sur la strat\u00e9gie d\u00e9ploy\u00e9e par l\u2019Office et ses partenaires publics et priv\u00e9s, afin de faire \u00e0 ce que \u00ab\u00a0l\u2019offre a\u00e9rienne du Maroc se remette tr\u00e8s rapidement en place\u00a0\u00bb, indique l\u2019ONMT dans un communiqu\u00e9.<\/p>\n<p>Depuis plusieurs mois, les \u00e9quipes de l\u2019Office au Maroc et ses d\u00e9l\u00e9gations \u00e0 l\u2019\u00e9tranger ont entam\u00e9 des n\u00e9gociations continues avec les compagnies a\u00e9riennes, les tour-op\u00e9rateurs et les r\u00e9seaux de distribution, qu\u2019ils soient en Europe, en Am\u00e9rique, en Chine ou ailleurs dans le monde, afin de rebooster cette offre, souligne la m\u00eame source.<\/p>\n<p>D\u2019ores et d\u00e9j\u00e0, l\u2019Office peut annoncer que l\u2019offre a\u00e9rienne du Maroc sera de l\u2019ordre de 3,5 millions de si\u00e8ges pour la p\u00e9riode du 15 Juin au 30 septembre prochain, pr\u00e9cise le communiqu\u00e9, notant que cela correspond \u00e0 72% de ce qu\u2019elle \u00e9tait pour cette m\u00eame p\u00e9riode en 2019.<\/p>\n<p>Une vraie performance et une vraie marque de confiance des compagnies a\u00e9riennes, marocaines et internationales, qui misent sur la r\u00e9silience du Maroc et sur son attractivit\u00e9, et qui capitalisent sur l\u2019excellente image du Maroc sur le plan de la gestion de la crise sanitaire et de la campagne de vaccination sous la vision \u00e9clair\u00e9e de Sa Majest\u00e9 le Roi Mohammed VI.<\/p>\n<p>L\u2019\u00e9mission, qui sera diffus\u00e9e lundi 14 juin \u00e0 09h00 sur la chaine YouTube de l\u2019ONMT et via les r\u00e9seaux sociaux et d\u2019autres canaux de diffusion (qui seront communiqu\u00e9s ult\u00e9rieurement), connaitra la participation des partenaires de l\u2019Office, \u00e0 savoir la Conf\u00e9d\u00e9ration Nationale Marocaine du Tourisme, l\u2019Office national des a\u00e9roports (ONDA), la Royal Air Maroc mais \u00e9galement de partenaires internationaux tels que Ryanair, Transavia, NG Travel et FTI.<\/p>\n<\/div>\n<p>Auteur: Meriem IGASS<br \/>\n<a href=\"http:\/\/www.mapmarrakech.ma\/fr\/lonmt-se-mobilise-pour-reactiver-les-routes-aeriennes\/\">Cliquez ici pour lire l&rsquo;article depuis sa source.<\/a><\/p>\n","protected":false},"excerpt":{"rendered":"<p>L\u2019Office National Marocain du Tourisme (ONMT) organise le 14 juin courant une nouvelle \u00e9dition des TMD \u00ab\u00a0Tourism Marketing Days\u00a0\u00bb sous le th\u00e8me \u00ab\u00a0TMD Sky-Restart\u00a0\u00bb. Organis\u00e9e \u00e0 J-1 de la reprise progressive des arriv\u00e9es touristiques au Maroc pr\u00e9vue le 15 juin, cette \u00e9mission r\u00e9alis\u00e9e depuis l\u2019a\u00e9roport Mohammed V de Casablanca a pour but d\u2019informer et de [&hellip;]<\/p>\n","protected":false},"author":1788,"featured_media":0,"comment_status":"closed","ping_status":"closed","sticky":false,"template":"","format":"standard","meta":{"fifu_image_url":"","fifu_image_alt":"","footnotes":""},"categories":[54,76],"tags":[],"class_list":["post-118464","post","type-post","status-publish","format-standard","hentry","category-maroc","category-regions"],"_links":{"self":[{"href":"https:\/\/linitiative.ca\/International\/wp-json\/wp\/v2\/posts\/118464","targetHints":{"allow":["GET"]}}],"collection":[{"href":"https:\/\/linitiative.ca\/International\/wp-json\/wp\/v2\/posts"}],"about":[{"href":"https:\/\/linitiative.ca\/International\/wp-json\/wp\/v2\/types\/post"}],"author":[{"embeddable":true,"href":"https:\/\/linitiative.ca\/International\/wp-json\/wp\/v2\/users\/1788"}],"replies":[{"embeddable":true,"href":"https:\/\/linitiative.ca\/International\/wp-json\/wp\/v2\/comments?post=118464"}],"version-history":[{"count":0,"href":"https:\/\/linitiative.ca\/International\/wp-json\/wp\/v2\/posts\/118464\/revisions"}],"wp:attachment":[{"href":"https:\/\/linitiative.ca\/International\/wp-json\/wp\/v2\/media?parent=118464"}],"wp:term":[{"taxonomy":"category","embeddable":true,"href":"https:\/\/linitiative.ca\/International\/wp-json\/wp\/v2\/categories?post=118464"},{"taxonomy":"post_tag","embeddable":true,"href":"https:\/\/linitiative.ca\/International\/wp-json\/wp\/v2\/tags?post=118464"}],"curies":[{"name":"wp","href":"https:\/\/api.w.org\/{rel}","templated":true}]}}