{"id":118465,"date":"2021-06-12T11:22:28","date_gmt":"2021-06-12T15:22:28","guid":{"rendered":"https:\/\/linitiative.ca\/International\/formation-en-echographie-obstetricale-au-profit-des-medecins-generalistes\/"},"modified":"2021-06-12T11:22:28","modified_gmt":"2021-06-12T15:22:28","slug":"formation-en-echographie-obstetricale-au-profit-des-medecins-generalistes","status":"publish","type":"post","link":"https:\/\/linitiative.ca\/International\/formation-en-echographie-obstetricale-au-profit-des-medecins-generalistes\/","title":{"rendered":"Formation en \u00e9chographie obst\u00e9tricale au profit des m\u00e9decins g\u00e9n\u00e9ralistes"},"content":{"rendered":"<div readability=\"37\">\n<p>Marrakech \u2013 La Direction R\u00e9gionale de la Sant\u00e9 (DRS) de Marrakech-Safi organise, jeudi \u00e0 Marrakech, la 1\u00e8re session de formation en \u00e9chographie obst\u00e9tricale au profit des m\u00e9decins g\u00e9n\u00e9ralistes et des sages-femmes des \u00e9tablissements de soins de sant\u00e9 primaires disposant d\u2019un \u00e9chographe au niveau de la r\u00e9gion Marrakech- Safi.<\/p>\n<\/div>\n<div readability=\"82\">\n<p>Cette session, qui se poursuit jusqu\u2019au 11 juin courant dans le respect des mesures pr\u00e9ventives visant \u00e0 endiguer la propagation de la pand\u00e9mie de la Covid-19, s\u2019inscrit dans le cadre de la strat\u00e9gie nationale de la sant\u00e9 maternelle et n\u00e9onatale qui vise l\u2019\u00e9limination des d\u00e9c\u00e8s maternels et n\u00e9onatals \u00e9vitables, \u00e0 travers un bon suivi et une prise en charge de qualit\u00e9 depuis la grossesse jusqu\u2019\u00e0 l\u2019accouchement et en post-natal.<\/p>\n<p>Elle s\u2019ins\u00e8re de m\u00eame dans le sillage de la mise en \u0153uvre du contrat objectif moyen de l\u2019ann\u00e9e 2021 qui vise la capacitation des professionnels de sant\u00e9 impliqu\u00e9s dans la sant\u00e9 maternelle et n\u00e9onatale.<\/p>\n<p>\u00ab\u00a0Cette formation a pour objectif de permettre aux professionnels de sant\u00e9 de d\u00e9pister les grossesses \u00e0 risque et de pouvoir les prendre en charge pr\u00e9cocement\u00a0\u00bb, a d\u00e9clar\u00e9 \u00e0 la MAP, la Directrice R\u00e9gionale de la Sant\u00e9 \u00e0 Marrakech-Safi, Dr. Lamia Chakiri.<\/p>\n<p>Dans ce sens, Mme Chakiri a annonc\u00e9 que d\u2019autres sessions de formation au profit de tous les professionnels de sant\u00e9 impliqu\u00e9s seront programm\u00e9es ult\u00e9rieurement, pour couvrir toute la population de la R\u00e9gion notamment, dans les zones rurales \u00e9loign\u00e9es.<\/p>\n<p>Pour sa part, Dr. Bouchra Fakhir, professeur en gyn\u00e9cologie obst\u00e9trique au Centre Hospitalier Universitaire (CHU) Mohammed VI de Marrakech, a relev\u00e9 que cette session a pour objectif de renforcer les capacit\u00e9s des m\u00e9decins g\u00e9n\u00e9ralistes en mati\u00e8re de d\u00e9pistage et de diagnostic des probl\u00e8mes li\u00e9s \u00e0 la grossesse et \u00e0 l\u2019accouchement.<\/p>\n<p>Cette session, qui associe les aspects th\u00e9oriques et pratiques, s\u2019inscrit \u00e9galement dans le cadre la formation continue des m\u00e9decins g\u00e9n\u00e9ralistes et des sages-femmes dans le domaine de l\u2019\u00e9chographie obst\u00e9tricale, un moyen important de d\u00e9pistage et de diagnostic ant\u00e9natal, a expliqu\u00e9 Dr. Fakhir, qui assure la supervision de cette formation.<\/p>\n<p>Cette session de formation a \u00e9t\u00e9 bien appr\u00e9ci\u00e9e par l\u2019ensemble des m\u00e9decins participants, qui ont appel\u00e9 \u00e0 multiplier ce genre d\u2019initiative, notamment le volet pratique, vu l\u2019importance du suivi de la grossesse pour r\u00e9aliser la d\u00e9tection et le traitement pr\u00e9coces des anomalies et complications pendant la grossesse.<\/p>\n<\/div>\n<p>Auteur: Meriem IGASS<br \/>\n<a href=\"http:\/\/www.mapmarrakech.ma\/fr\/formation-en-echographie-obstetricale-au-profit-des-medecins-generalistes\/\">Cliquez ici pour lire l&rsquo;article depuis sa source.<\/a><\/p>\n","protected":false},"excerpt":{"rendered":"<p>Marrakech \u2013 La Direction R\u00e9gionale de la Sant\u00e9 (DRS) de Marrakech-Safi organise, jeudi \u00e0 Marrakech, la 1\u00e8re session de formation en \u00e9chographie obst\u00e9tricale au profit des m\u00e9decins g\u00e9n\u00e9ralistes et des sages-femmes des \u00e9tablissements de soins de sant\u00e9 primaires disposant d\u2019un \u00e9chographe au niveau de la r\u00e9gion Marrakech- Safi. Cette session, qui se poursuit jusqu\u2019au 11 [&hellip;]<\/p>\n","protected":false},"author":1788,"featured_media":0,"comment_status":"closed","ping_status":"closed","sticky":false,"template":"","format":"standard","meta":{"fifu_image_url":"","fifu_image_alt":"","footnotes":""},"categories":[54,76],"tags":[],"class_list":["post-118465","post","type-post","status-publish","format-standard","hentry","category-maroc","category-regions"],"_links":{"self":[{"href":"https:\/\/linitiative.ca\/International\/wp-json\/wp\/v2\/posts\/118465","targetHints":{"allow":["GET"]}}],"collection":[{"href":"https:\/\/linitiative.ca\/International\/wp-json\/wp\/v2\/posts"}],"about":[{"href":"https:\/\/linitiative.ca\/International\/wp-json\/wp\/v2\/types\/post"}],"author":[{"embeddable":true,"href":"https:\/\/linitiative.ca\/International\/wp-json\/wp\/v2\/users\/1788"}],"replies":[{"embeddable":true,"href":"https:\/\/linitiative.ca\/International\/wp-json\/wp\/v2\/comments?post=118465"}],"version-history":[{"count":0,"href":"https:\/\/linitiative.ca\/International\/wp-json\/wp\/v2\/posts\/118465\/revisions"}],"wp:attachment":[{"href":"https:\/\/linitiative.ca\/International\/wp-json\/wp\/v2\/media?parent=118465"}],"wp:term":[{"taxonomy":"category","embeddable":true,"href":"https:\/\/linitiative.ca\/International\/wp-json\/wp\/v2\/categories?post=118465"},{"taxonomy":"post_tag","embeddable":true,"href":"https:\/\/linitiative.ca\/International\/wp-json\/wp\/v2\/tags?post=118465"}],"curies":[{"name":"wp","href":"https:\/\/api.w.org\/{rel}","templated":true}]}}