{"id":118467,"date":"2021-06-12T13:51:38","date_gmt":"2021-06-12T17:51:38","guid":{"rendered":"https:\/\/linitiative.ca\/International\/colloque-regional-sur-la-protection-de-lenfance\/"},"modified":"2021-06-12T13:51:38","modified_gmt":"2021-06-12T17:51:38","slug":"colloque-regional-sur-la-protection-de-lenfance","status":"publish","type":"post","link":"https:\/\/linitiative.ca\/International\/colloque-regional-sur-la-protection-de-lenfance\/","title":{"rendered":"Colloque r\u00e9gional sur la protection de l\u2019enfance"},"content":{"rendered":"<p>Initi\u00e9e par la Fondation Mohammed VI pour la R\u00e9insertion des D\u00e9tenus, en partenariat avec l\u2019Ordre des avocats de Marrakech et l\u2019appui de l\u2019UNICEF, cette rencontre s\u2019ins\u00e8re dans le cadre de la c\u00e9l\u00e9bration de la Journ\u00e9e Nationale de l\u2019Enfant (25 mai), et se propose d\u2019enrichir les d\u00e9bats et d\u2019\u00e9changer les exp\u00e9riences pionni\u00e8res et les bonnes pratiques, et de cerner les imperfections et les lacunes et ce, dans la perspective de les combler.<\/p>\n<p>Dans une allocution de circonstance, le Coordonnateur de la Fondation Mohammed VI pour la r\u00e9insertion des d\u00e9tenus, M. Abdelouhed Jamali Idrissi, a rappel\u00e9 que la Fondation, depuis sa cr\u00e9ation, a mobilis\u00e9 toutes les composantes de la soci\u00e9t\u00e9 concern\u00e9es par les droits de l\u2019enfant pour \u00e9tablir des partenariats avec les secteurs public et priv\u00e9, aux niveau national et international.<\/p>\n<p>Dans le cadre du plein respect des comp\u00e9tences et pr\u00e9rogatives inh\u00e9rentes aux D\u00e9partements concern\u00e9s, la Fondation veille \u00e0 assurer une coordination optimale entre ces intervenants de mani\u00e8re \u00e0 atteindre une protection efficace des droits de l\u2019enfant, en concr\u00e9tisation de la Volont\u00e9 Royale dans le domaine de l\u2019enfance et conform\u00e9ment aux engagements internationaux du Maroc en la mati\u00e8re, a-t-il relev\u00e9.<\/p>\n<p>Tout en d\u00e9plorant le fait que les droits de l\u2019enfant ne sont pas suffisamment pris en compte dans leurs aspects existentiels, humains, \u00e9ducatifs et sociaux, M. Jamali Idrissi, a indiqu\u00e9 que la protection des droits de l\u2019enfant n\u2019est pas l\u2019affaire de la seule justice ou de la police, mais bien une affaire de toutes les composantes de la soci\u00e9t\u00e9.<\/p>\n<p>Dans ce sens, il a fait savoir que le l\u00e9gislateur a mis en place un arsenal juridique et des mesures de protection de l\u2019enfant, qu\u2019il soit en situation d\u2019abandon, en situation difficile, victime d\u2019un crime ou d\u2019un d\u00e9lit, ou en situation de conflit avec la loi, tout en reconnaissant l\u2019existence d\u2019une condition pr\u00e9alable qui est la conviction du droit de l\u2019enfant \u00e0 la vie, \u00e0 l\u2019\u00e9ducation, \u00e0 la sant\u00e9\u2026etc.<\/p>\n<p>De son c\u00f4t\u00e9, le repr\u00e9sentant du Fonds des Nations unies pour l\u2019Enfance (UNICEF), Nicolas Sauvage, a soulign\u00e9 que le r\u00f4le de l\u2019avocat est primordial, d\u2019o\u00f9 l\u2019int\u00e9r\u00eat de sa sp\u00e9cialisation, de leur organisation en unit\u00e9 sp\u00e9cialis\u00e9e qui pourrait repr\u00e9senter les enfants en conflit avec la loi devant le tribunal.<\/p>\n<p>\u00c0 cet \u00e9gard, M. Sauvage a formul\u00e9 une s\u00e9rie de propositions visant \u00e0 r\u00e9duire les effets particuli\u00e8rement nocifs du contact avec le syst\u00e8me de la justice p\u00e9nale, compte tenu des connaissances accrues sur le d\u00e9veloppement de l\u2019enfant, en particulier l\u2019\u00e9tablissement d\u2019un \u00e2ge minimum de la responsabilit\u00e9 p\u00e9nale appropri\u00e9e et l\u2019accroissement du recours \u00e0 la d\u00e9judiciarisation.<\/p>\n<p>Il s\u2019agit \u00e9galement d\u2019\u00e9tendre l\u2019application de mesures non privatives de libert\u00e9, de veiller \u00e0 ce que la privation de libert\u00e9 soit strictement limit\u00e9e dans le temps et fasse l\u2019objet d\u2019un examen p\u00e9riodique, et de promouvoir le renforcement des syst\u00e8mes par des progr\u00e8s en mati\u00e8re d\u2019organisation, de d\u00e9veloppement des capacit\u00e9s, de collecte de donn\u00e9es, d\u2019\u00e9valuation et de recherche.<\/p>\n<p>Pour sa part, M. Mohamed El Hamidi, le B\u00e2tonnier de l\u2019ordre des Avocats de Marrakech, a soulign\u00e9 que les dispositions de la politique p\u00e9nale adopt\u00e9e dans les affaires des mineurs doivent \u00eatre guid\u00e9es par l\u2019int\u00e9r\u00eat sup\u00e9rieur du mineur, notamment en optant pour la d\u00e9judiciarisation.<\/p>\n<p>\u00ab\u00a0Il ne fait aucun doute que dans ces m\u00e9canismes judiciaires et administratifs, le r\u00f4le de l\u2019avocat, le d\u00e9fenseur des droits de l\u2019enfant, est primordial, ce qui requiert une r\u00e9flexion sur son d\u00e9veloppement, afin d\u2019obtenir une solide protection du mineur en conflit avec la loi et d\u2019appliquer les textes juridiques de mani\u00e8re \u00e9quitable et dans des d\u00e9lais raisonnables, le r\u00f4le cl\u00e9 de l\u2019avocat dans la justice pour enfants\u00a0\u00bb, a-t-il dit.<\/p>\n<p>Se f\u00e9licitant que le Royaume a proc\u00e9d\u00e9 \u00e0 l\u2019harmonisation de ses lois nationales avec ses engagements internationaux, M. El Hamidi a, toutefois, d\u00e9plor\u00e9 le fait que les r\u00e9sultats demeurent tout de m\u00eame en-de\u00e7\u00e0 des ambitions, ce qui n\u00e9cessite, a-t-il dit, d\u2019autres amendements l\u00e9gislatifs pour garantir l\u2019int\u00e9r\u00eat sup\u00e9rieur de l\u2019enfant.<\/p>\n<p>De son c\u00f4t\u00e9, le doyen de la Facult\u00e9 des Sciences juridiques, Economiques et Sociales, relevant \u00e0 l\u2019Universit\u00e9 Cadi Ayyad (UCA) de Marrakech, M. Taleb Abdelkarim, a soulign\u00e9 l\u2019importance d\u2019aborder les causes de la d\u00e9linquance de l\u2019enfant, et faire le lien avec sa r\u00e9alit\u00e9 au sein de la famille et de la soci\u00e9t\u00e9, sous divers angles d\u2019ordre psychologique, \u00e9conomique, social et juridique.<\/p>\n<p>M. Taleb a ajout\u00e9 que le Maroc a consenti des efforts consid\u00e9rables dans le domaine de la protection de l\u2019enfance, que ce soit \u00e0 travers la l\u00e9gislation nationale et sa compatibilit\u00e9 avec les conventions internationales, ou les r\u00f4les pionniers de la soci\u00e9t\u00e9 civile, qui milite pour la protection des enfants en situation difficile.<\/p>\n<p>A cet \u00e9gard, il a appel\u00e9 au d\u00e9veloppement de partenariats avec l\u2019Ordre des Avocats et la famille de la Justice pour mettre en place des formations sur la justice pour enfants et ce, dans le cadre du syst\u00e8me du \u00ab\u00a0Bachelor\u00a0\u00bb et proposer des sujets au sein des laboratoires de recherches sur les droits de l\u2019enfant et des th\u00e8mes connexes, notant que la finalit\u00e9 serait la valorisation de la recherche scientifique et de l\u2019\u00e9change d\u2019exp\u00e9riences et savoir-faire en rapport avec ces questions.<\/p>\n<p>A noter que l\u2019un des moments forts de ce colloque r\u00e9gional serait la tenue des finales de la Premi\u00e8re \u00e9dition du Concours national de l\u2019Art de Plaidoirie en mati\u00e8re de Justice des mineurs.<\/p>\n<p>Premi\u00e8re initiative du genre organis\u00e9e au Maroc, avec l\u2019appui de l\u2019UNICEF et \u00e0 l\u2019initiative de la Fondation Mohammed VI pour la R\u00e9insertion des D\u00e9tenus, le concours prendra forme de pr\u00e9sentations simul\u00e9es des meilleures plaidoiries retenues suite \u00e0 une premi\u00e8re phase de s\u00e9lection, parmi plus de 15 avocats-stagiaires participants audit concours.<\/p>\n<p>Les trois meilleures Plaidoiries seront s\u00e9lectionn\u00e9es par un Jury compos\u00e9 des repr\u00e9sentants de l\u2019Ordre des Avocats de Marrakech, du Pouvoir judiciaire, du Minist\u00e8re Public et de la Fondation Mohammed VI pour la R\u00e9insertion des D\u00e9tenues.<\/p>\n<p>Auteur: Meriem IGASS<br \/>\n<a href=\"http:\/\/www.mapmarrakech.ma\/fr\/colloque-regional-sur-la-protection-de-lenfance\/\">Cliquez ici pour lire l&rsquo;article depuis sa source.<\/a><\/p>\n","protected":false},"excerpt":{"rendered":"<p>Initi\u00e9e par la Fondation Mohammed VI pour la R\u00e9insertion des D\u00e9tenus, en partenariat avec l\u2019Ordre des avocats de Marrakech et l\u2019appui de l\u2019UNICEF, cette rencontre s\u2019ins\u00e8re dans le cadre de la c\u00e9l\u00e9bration de la Journ\u00e9e Nationale de l\u2019Enfant (25 mai), et se propose d\u2019enrichir les d\u00e9bats et d\u2019\u00e9changer les exp\u00e9riences pionni\u00e8res et les bonnes pratiques, [&hellip;]<\/p>\n","protected":false},"author":1788,"featured_media":0,"comment_status":"closed","ping_status":"closed","sticky":false,"template":"","format":"standard","meta":{"fifu_image_url":"","fifu_image_alt":"","footnotes":""},"categories":[54,76],"tags":[],"class_list":["post-118467","post","type-post","status-publish","format-standard","hentry","category-maroc","category-regions"],"_links":{"self":[{"href":"https:\/\/linitiative.ca\/International\/wp-json\/wp\/v2\/posts\/118467","targetHints":{"allow":["GET"]}}],"collection":[{"href":"https:\/\/linitiative.ca\/International\/wp-json\/wp\/v2\/posts"}],"about":[{"href":"https:\/\/linitiative.ca\/International\/wp-json\/wp\/v2\/types\/post"}],"author":[{"embeddable":true,"href":"https:\/\/linitiative.ca\/International\/wp-json\/wp\/v2\/users\/1788"}],"replies":[{"embeddable":true,"href":"https:\/\/linitiative.ca\/International\/wp-json\/wp\/v2\/comments?post=118467"}],"version-history":[{"count":0,"href":"https:\/\/linitiative.ca\/International\/wp-json\/wp\/v2\/posts\/118467\/revisions"}],"wp:attachment":[{"href":"https:\/\/linitiative.ca\/International\/wp-json\/wp\/v2\/media?parent=118467"}],"wp:term":[{"taxonomy":"category","embeddable":true,"href":"https:\/\/linitiative.ca\/International\/wp-json\/wp\/v2\/categories?post=118467"},{"taxonomy":"post_tag","embeddable":true,"href":"https:\/\/linitiative.ca\/International\/wp-json\/wp\/v2\/tags?post=118467"}],"curies":[{"name":"wp","href":"https:\/\/api.w.org\/{rel}","templated":true}]}}