{"id":118470,"date":"2021-06-12T09:41:37","date_gmt":"2021-06-12T13:41:37","guid":{"rendered":"https:\/\/linitiative.ca\/International\/la-cabinet-de-conseil-valyans-reconfigure-son-capital\/"},"modified":"2021-06-12T09:41:37","modified_gmt":"2021-06-12T13:41:37","slug":"la-cabinet-de-conseil-valyans-reconfigure-son-capital","status":"publish","type":"post","link":"https:\/\/linitiative.ca\/International\/la-cabinet-de-conseil-valyans-reconfigure-son-capital\/","title":{"rendered":"La cabinet de conseil Valyans reconfigure son capital"},"content":{"rendered":"<p class=\"rtejustify\">Valyans proc\u00e8de \u00e0 une reconfiguration de son capital en ad\u00e9quation. Le cabinet de conseil affirme que cette op\u00e9ration lui permettra d\u2019\u00a0\u00bbacc\u00e9l\u00e9rer sa mont\u00e9e en puissance au Maroc et \u00e0 l\u2019international\u00a0\u00bb.\u00a0L&rsquo;op\u00e9ration \u00ab\u00a0s\u2019appuie sur des valeurs communes et une vision partag\u00e9e par les actionnaires\u00a0\u00bb, ajoute-t-on.<\/p>\n<p class=\"rtejustify\">Cette reconfiguration du capital\u00a0permet au cabinet de conseil d&rsquo;effectuer une\u00a0op\u00e9ration de MBO (management buyout) qui fait entrer les cadres dirigeants de Valyans (Partners) au capital de la soci\u00e9t\u00e9 et fait de Saadia Slaoui Bennani, PDG de Valyans, l\u2019actionnaire de r\u00e9f\u00e9rence. L&rsquo;actionnaire institutionnel\u00a0O Capital Group, qui \u00e0 travers sa filiale de capital-investissement Interfina, revient aussi plus de 10 ans apr\u00e8s en \u00eatre sorti, \u00ab\u00a0pour asseoir son ancrage continental, en s\u2019appuyant sur l\u2019expertise d\u2019un cabinet \u00e0 vocation africaine.\u00a0\u00bb<\/p>\n<p class=\"rtejustify\">Selon Valyans, ce rapprochement consolidera l\u2019\u00e9cosyst\u00e8me \u00e9conomique au service de la vision royale pour l\u2019Afrique.\u00a0<\/p>\n<p>Auteur: hgueye<br \/>\n<a href=\"https:\/\/www.leconomiste.com\/flash-infos\/la-cabinet-de-conseil-valyans-reconfigure-son-capital\">Cliquez ici pour lire l&rsquo;article depuis sa source.<\/a><\/p>\n","protected":false},"excerpt":{"rendered":"<p>Valyans proc\u00e8de \u00e0 une reconfiguration de son capital en ad\u00e9quation. Le cabinet de conseil affirme que cette op\u00e9ration lui permettra d\u2019\u00a0\u00bbacc\u00e9l\u00e9rer sa mont\u00e9e en puissance au Maroc et \u00e0 l\u2019international\u00a0\u00bb.\u00a0L&rsquo;op\u00e9ration \u00ab\u00a0s\u2019appuie sur des valeurs communes et une vision partag\u00e9e par les actionnaires\u00a0\u00bb, ajoute-t-on. Cette reconfiguration du capital\u00a0permet au cabinet de conseil d&rsquo;effectuer une\u00a0op\u00e9ration de MBO [&hellip;]<\/p>\n","protected":false},"author":1763,"featured_media":0,"comment_status":"closed","ping_status":"closed","sticky":false,"template":"","format":"standard","meta":{"fifu_image_url":"","fifu_image_alt":"","footnotes":""},"categories":[78,54],"tags":[],"class_list":["post-118470","post","type-post","status-publish","format-standard","hentry","category-economie","category-maroc"],"_links":{"self":[{"href":"https:\/\/linitiative.ca\/International\/wp-json\/wp\/v2\/posts\/118470","targetHints":{"allow":["GET"]}}],"collection":[{"href":"https:\/\/linitiative.ca\/International\/wp-json\/wp\/v2\/posts"}],"about":[{"href":"https:\/\/linitiative.ca\/International\/wp-json\/wp\/v2\/types\/post"}],"author":[{"embeddable":true,"href":"https:\/\/linitiative.ca\/International\/wp-json\/wp\/v2\/users\/1763"}],"replies":[{"embeddable":true,"href":"https:\/\/linitiative.ca\/International\/wp-json\/wp\/v2\/comments?post=118470"}],"version-history":[{"count":0,"href":"https:\/\/linitiative.ca\/International\/wp-json\/wp\/v2\/posts\/118470\/revisions"}],"wp:attachment":[{"href":"https:\/\/linitiative.ca\/International\/wp-json\/wp\/v2\/media?parent=118470"}],"wp:term":[{"taxonomy":"category","embeddable":true,"href":"https:\/\/linitiative.ca\/International\/wp-json\/wp\/v2\/categories?post=118470"},{"taxonomy":"post_tag","embeddable":true,"href":"https:\/\/linitiative.ca\/International\/wp-json\/wp\/v2\/tags?post=118470"}],"curies":[{"name":"wp","href":"https:\/\/api.w.org\/{rel}","templated":true}]}}