{"id":118471,"date":"2021-06-12T11:12:05","date_gmt":"2021-06-12T15:12:05","guid":{"rendered":"https:\/\/linitiative.ca\/International\/covid-455-nouveaux-cas-48-000-doses-administrees-en-24-h\/"},"modified":"2021-06-12T11:12:05","modified_gmt":"2021-06-12T15:12:05","slug":"covid-455-nouveaux-cas-48-000-doses-administrees-en-24-h","status":"publish","type":"post","link":"https:\/\/linitiative.ca\/International\/covid-455-nouveaux-cas-48-000-doses-administrees-en-24-h\/","title":{"rendered":"Covid: 455 nouveaux cas, 48.000 doses administr\u00e9es en 24 H"},"content":{"rendered":"<p class=\"rtejustify\">Quelque <strong>455<\/strong> nouveaux cas d&rsquo;infection au nouveau coronavirus et <strong>335<\/strong> gu\u00e9risons ont \u00e9t\u00e9 enregistr\u00e9s au Maroc au cours des derni\u00e8res 24 heures, a indiqu\u00e9 samedi le minist\u00e8re de la Sant\u00e9.<\/p>\n<p class=\"rtejustify\">Le nombre de personnes ayant re\u00e7u la premi\u00e8re dose du vaccin a atteint <strong>9.363.220<\/strong>, tandis que les personnes compl\u00e8tement vaccin\u00e9es (1\u00e8re et 2\u00e8me doses) s&rsquo;est chiffr\u00e9 \u00e0 <strong>7.094.691<\/strong>, a soulign\u00e9 le minist\u00e8re dans son bulletin quotidien sur la situation de la Covid-19. <strong>48.207<\/strong> doses ont \u00e9t\u00e9 administr\u00e9es lors des derni\u00e8res 24 heures, dont <strong>1.220<\/strong> premi\u00e8res doses.<\/p>\n<p class=\"rtejustify\">Les nouveaux cas d&rsquo;infection portent \u00e0\u00a0<strong>523.620<\/strong> le nombre total des contaminations depuis le premier cas signal\u00e9 en mars 2020. Le nombre des personnes r\u00e9tablies est pass\u00e9 \u00e0 <strong>510.958<\/strong>, soit un taux de gu\u00e9rison de 97,6%.<\/p>\n<p class=\"rtejustify\">Quant au nombre total des d\u00e9c\u00e8s, il est pass\u00e9 \u00e0 <strong>9.207<\/strong> avec <strong>5<\/strong> nouveaux d\u00e9c\u00e8s. Par ailleurs, les cas actifs sont au nombre de <strong>3.455<\/strong>, tandis que les cas s\u00e9v\u00e8res ou critiques ont atteint <strong>204<\/strong>, dont <strong>5<\/strong> plac\u00e9s sous intubation et\u00a0<strong>97<\/strong> sous ventilation non invasive.<\/p>\n<blockquote readability=\"4.75\">\n<p class=\"rtejustify\"><strong>Pour plus de d\u00e9tails, voir l&rsquo;\u00e9volution en temps r\u00e9el de l&rsquo;\u00e9pid\u00e9mie sur <a href=\"https:\/\/www.leconomiste.com\/covid19\/\">https:\/\/www.leconomiste.com\/covid19\/<\/a><\/strong><\/p>\n<\/blockquote>\n<p>Auteur: hgueye<br \/>\n<a href=\"https:\/\/www.leconomiste.com\/flash-infos\/covid-nouveaux-cas-0\">Cliquez ici pour lire l&rsquo;article depuis sa source.<\/a><\/p>\n","protected":false},"excerpt":{"rendered":"<p>Quelque 455 nouveaux cas d&rsquo;infection au nouveau coronavirus et 335 gu\u00e9risons ont \u00e9t\u00e9 enregistr\u00e9s au Maroc au cours des derni\u00e8res 24 heures, a indiqu\u00e9 samedi le minist\u00e8re de la Sant\u00e9. Le nombre de personnes ayant re\u00e7u la premi\u00e8re dose du vaccin a atteint 9.363.220, tandis que les personnes compl\u00e8tement vaccin\u00e9es (1\u00e8re et 2\u00e8me doses) s&rsquo;est [&hellip;]<\/p>\n","protected":false},"author":1763,"featured_media":0,"comment_status":"closed","ping_status":"closed","sticky":false,"template":"","format":"standard","meta":{"fifu_image_url":"","fifu_image_alt":"","footnotes":""},"categories":[78,54],"tags":[],"class_list":["post-118471","post","type-post","status-publish","format-standard","hentry","category-economie","category-maroc"],"_links":{"self":[{"href":"https:\/\/linitiative.ca\/International\/wp-json\/wp\/v2\/posts\/118471","targetHints":{"allow":["GET"]}}],"collection":[{"href":"https:\/\/linitiative.ca\/International\/wp-json\/wp\/v2\/posts"}],"about":[{"href":"https:\/\/linitiative.ca\/International\/wp-json\/wp\/v2\/types\/post"}],"author":[{"embeddable":true,"href":"https:\/\/linitiative.ca\/International\/wp-json\/wp\/v2\/users\/1763"}],"replies":[{"embeddable":true,"href":"https:\/\/linitiative.ca\/International\/wp-json\/wp\/v2\/comments?post=118471"}],"version-history":[{"count":0,"href":"https:\/\/linitiative.ca\/International\/wp-json\/wp\/v2\/posts\/118471\/revisions"}],"wp:attachment":[{"href":"https:\/\/linitiative.ca\/International\/wp-json\/wp\/v2\/media?parent=118471"}],"wp:term":[{"taxonomy":"category","embeddable":true,"href":"https:\/\/linitiative.ca\/International\/wp-json\/wp\/v2\/categories?post=118471"},{"taxonomy":"post_tag","embeddable":true,"href":"https:\/\/linitiative.ca\/International\/wp-json\/wp\/v2\/tags?post=118471"}],"curies":[{"name":"wp","href":"https:\/\/api.w.org\/{rel}","templated":true}]}}