{"id":118472,"date":"2021-06-12T12:43:07","date_gmt":"2021-06-12T16:43:07","guid":{"rendered":"https:\/\/linitiative.ca\/International\/maroc-hajj-les-resultats-du-tirage-au-sort-maintenus\/"},"modified":"2021-06-12T12:43:07","modified_gmt":"2021-06-12T16:43:07","slug":"maroc-hajj-les-resultats-du-tirage-au-sort-maintenus","status":"publish","type":"post","link":"https:\/\/linitiative.ca\/International\/maroc-hajj-les-resultats-du-tirage-au-sort-maintenus\/","title":{"rendered":"Maroc\/ Hajj: Les r\u00e9sultats du tirage au sort maintenus"},"content":{"rendered":"<p class=\"rtejustify\">La Commission royale charg\u00e9e du p\u00e8lerinage a d\u00e9cid\u00e9 le maintien pour la prochaine saison du Hajj des r\u00e9sultats du tirage au sort (listes des retenus et listes d&rsquo;attente de l&rsquo;organisation officielle et des agences de voyages touristiques) de la saison 1441 de l&rsquo;h\u00e9gire, a annonc\u00e9, samedi, le minist\u00e8re des Habous et des Affaires islamiques.<\/p>\n<p class=\"rtejustify\">Dans un communiqu\u00e9, le minist\u00e8re pr\u00e9cise avoir \u00e9t\u00e9 inform\u00e9 par le minist\u00e8re saoudien du Haj de la d\u00e9cision des autorit\u00e9s saoudiennes de limiter l&rsquo;accomplissement du rite du p\u00e8lerinage de cette saison aux Saoudiens et aux r\u00e9sidents en Arabie saoudite de diff\u00e9rentes nationalit\u00e9s. Riyad a pris cette d\u00e9cision\u00a0en raison de la situation sanitaire dans la monde marqu\u00e9 par\u00a0l&rsquo;\u00e9volution de la pand\u00e9mie du coronavirus et l\u2019apparition de nouveaux variants.<\/p>\n<p>Auteur: hgueye<br \/>\n<a href=\"https:\/\/www.leconomiste.com\/flash-infos\/maroc-hajj-les-resultats-du-tirage-au-sort-maintenus\">Cliquez ici pour lire l&rsquo;article depuis sa source.<\/a><\/p>\n","protected":false},"excerpt":{"rendered":"<p>La Commission royale charg\u00e9e du p\u00e8lerinage a d\u00e9cid\u00e9 le maintien pour la prochaine saison du Hajj des r\u00e9sultats du tirage au sort (listes des retenus et listes d&rsquo;attente de l&rsquo;organisation officielle et des agences de voyages touristiques) de la saison 1441 de l&rsquo;h\u00e9gire, a annonc\u00e9, samedi, le minist\u00e8re des Habous et des Affaires islamiques. Dans [&hellip;]<\/p>\n","protected":false},"author":1763,"featured_media":0,"comment_status":"closed","ping_status":"closed","sticky":false,"template":"","format":"standard","meta":{"fifu_image_url":"","fifu_image_alt":"","footnotes":""},"categories":[78,54],"tags":[],"class_list":["post-118472","post","type-post","status-publish","format-standard","hentry","category-economie","category-maroc"],"_links":{"self":[{"href":"https:\/\/linitiative.ca\/International\/wp-json\/wp\/v2\/posts\/118472","targetHints":{"allow":["GET"]}}],"collection":[{"href":"https:\/\/linitiative.ca\/International\/wp-json\/wp\/v2\/posts"}],"about":[{"href":"https:\/\/linitiative.ca\/International\/wp-json\/wp\/v2\/types\/post"}],"author":[{"embeddable":true,"href":"https:\/\/linitiative.ca\/International\/wp-json\/wp\/v2\/users\/1763"}],"replies":[{"embeddable":true,"href":"https:\/\/linitiative.ca\/International\/wp-json\/wp\/v2\/comments?post=118472"}],"version-history":[{"count":0,"href":"https:\/\/linitiative.ca\/International\/wp-json\/wp\/v2\/posts\/118472\/revisions"}],"wp:attachment":[{"href":"https:\/\/linitiative.ca\/International\/wp-json\/wp\/v2\/media?parent=118472"}],"wp:term":[{"taxonomy":"category","embeddable":true,"href":"https:\/\/linitiative.ca\/International\/wp-json\/wp\/v2\/categories?post=118472"},{"taxonomy":"post_tag","embeddable":true,"href":"https:\/\/linitiative.ca\/International\/wp-json\/wp\/v2\/tags?post=118472"}],"curies":[{"name":"wp","href":"https:\/\/api.w.org\/{rel}","templated":true}]}}