{"id":118473,"date":"2021-06-12T15:10:13","date_gmt":"2021-06-12T19:10:13","guid":{"rendered":"https:\/\/linitiative.ca\/International\/international-edf-bonne-nouvelle-pour-karim-benzema\/"},"modified":"2021-06-12T15:10:13","modified_gmt":"2021-06-12T19:10:13","slug":"international-edf-bonne-nouvelle-pour-karim-benzema","status":"publish","type":"post","link":"https:\/\/linitiative.ca\/International\/international-edf-bonne-nouvelle-pour-karim-benzema\/","title":{"rendered":"International : EdF: Bonne nouvelle pour Karim Benzema"},"content":{"rendered":"<div readability=\"32\">\n<p>Auteur : <span class=\"time\">samedi 12 juin 2021 16:24<\/span><\/p>\n<\/div>\n<div id=\"post_core\" readability=\"41\">\n<p>Bonne nouvelle confirm\u00e9e pour l&rsquo;attaquant de l&rsquo;\u00e9quipe de France Karim Benzema. Lors du match amical face \u00e0 la Bulgarie (3-0) mardi, le joueur du Real Madrid a \u00e9t\u00e9 victime d&rsquo;une b\u00e9quille \u00e0 la cuisse et a \u00e9t\u00e9 contraint de c\u00e9der sa place \u00e0 Olivier Giroud \u00e0 la 41e minute. Mais ce samedi, l&rsquo;ancien Lyonnais a retrouv\u00e9 le chemin des terrains pour une s\u00e9ance individuelle avec les kin\u00e9s des Bleus: \u00ab\u00a0Impeccable, super content, je n&rsquo;ai plus de douleurs. Je suis content de reprendre bient\u00f4t l&rsquo;entra\u00eenement\u00a0\u00bb, a confirm\u00e9 Benzema \u00e0 l&rsquo;occasion d&rsquo;une vid\u00e9o diffus\u00e9e par la F\u00e9d\u00e9ration Fran\u00e7aise de Football sur les r\u00e9seaux sociaux. Comme pr\u00e9vu, le buteur fran\u00e7ais sera donc apte \u00e0 d\u00e9fier l&rsquo;Allemagne mardi lors de l&rsquo;Euro rapporte Maxifoot.fr.<\/p>\n<p><strong>Publi\u00e9 dans :<\/strong> <span>benzema<\/span><\/p>\n<\/div>\n<p>Auteur:<br \/>\n<a href=\"http:\/\/www.lebuteur.com\/article\/detail?titre=edf-bonne-nouvelle-pour-karim-benzema&#038;id=100348&#038;utm_source=feedburner&#038;utm_medium=feed&#038;utm_campaign=Feed%3A+GalerieFArtciles+%28Les+derniers+articles++-+lebuteur.com%29\">Cliquez ici pour lire l&rsquo;article depuis sa source.<\/a><\/p>\n","protected":false},"excerpt":{"rendered":"<p>Auteur : samedi 12 juin 2021 16:24 Bonne nouvelle confirm\u00e9e pour l&rsquo;attaquant de l&rsquo;\u00e9quipe de France Karim Benzema. Lors du match amical face \u00e0 la Bulgarie (3-0) mardi, le joueur du Real Madrid a \u00e9t\u00e9 victime d&rsquo;une b\u00e9quille \u00e0 la cuisse et a \u00e9t\u00e9 contraint de c\u00e9der sa place \u00e0 Olivier Giroud \u00e0 la 41e [&hellip;]<\/p>\n","protected":false},"author":1738,"featured_media":0,"comment_status":"closed","ping_status":"closed","sticky":false,"template":"","format":"standard","meta":{"fifu_image_url":"\/\/cdn.lebuteur.com\/data\/images\/article\/thumbs\/large-edf-bonne-nouvelle-pour-karim-benzema-6c1a1.jpg","fifu_image_alt":"International : EdF: Bonne nouvelle pour Karim Benzema","footnotes":""},"categories":[53,75],"tags":[],"class_list":["post-118473","post","type-post","status-publish","format-standard","hentry","category-algerie","category-sport"],"_links":{"self":[{"href":"https:\/\/linitiative.ca\/International\/wp-json\/wp\/v2\/posts\/118473","targetHints":{"allow":["GET"]}}],"collection":[{"href":"https:\/\/linitiative.ca\/International\/wp-json\/wp\/v2\/posts"}],"about":[{"href":"https:\/\/linitiative.ca\/International\/wp-json\/wp\/v2\/types\/post"}],"author":[{"embeddable":true,"href":"https:\/\/linitiative.ca\/International\/wp-json\/wp\/v2\/users\/1738"}],"replies":[{"embeddable":true,"href":"https:\/\/linitiative.ca\/International\/wp-json\/wp\/v2\/comments?post=118473"}],"version-history":[{"count":0,"href":"https:\/\/linitiative.ca\/International\/wp-json\/wp\/v2\/posts\/118473\/revisions"}],"wp:attachment":[{"href":"https:\/\/linitiative.ca\/International\/wp-json\/wp\/v2\/media?parent=118473"}],"wp:term":[{"taxonomy":"category","embeddable":true,"href":"https:\/\/linitiative.ca\/International\/wp-json\/wp\/v2\/categories?post=118473"},{"taxonomy":"post_tag","embeddable":true,"href":"https:\/\/linitiative.ca\/International\/wp-json\/wp\/v2\/tags?post=118473"}],"curies":[{"name":"wp","href":"https:\/\/api.w.org\/{rel}","templated":true}]}}