{"id":118477,"date":"2021-06-12T15:10:20","date_gmt":"2021-06-12T19:10:20","guid":{"rendered":"https:\/\/linitiative.ca\/International\/international-bayern-coman-veut-un-bon-de-sortie\/"},"modified":"2021-06-12T15:10:20","modified_gmt":"2021-06-12T19:10:20","slug":"international-bayern-coman-veut-un-bon-de-sortie","status":"publish","type":"post","link":"https:\/\/linitiative.ca\/International\/international-bayern-coman-veut-un-bon-de-sortie\/","title":{"rendered":"International : Bayern : Coman veut un bon de sortie"},"content":{"rendered":"<div readability=\"32\">\n<p>Auteur : <span class=\"time\">samedi 12 juin 2021 19:23<\/span><\/p>\n<\/div>\n<div id=\"post_core\" readability=\"49\">\n<p>L\u2019attaquant fran\u00e7ais aurait pris la d\u00e9cision de quitter la formation bavaroise cet \u00e9t\u00e9. L\u2019information a \u00e9t\u00e9 r\u00e9v\u00e9l\u00e9e par Sky Allemagne ce samedi. La d\u00e9cision de l\u2019ancien parisien serait motiv\u00e9e par plusieurs raisons. La premi\u00e8re est qu\u2019il est m\u00e9content des conditions salariales qui lui ont \u00e9t\u00e9 propos\u00e9es dans le dernier bail. Les responsables munichois lui offrent 12M\u20ac mais il en veut plus. Il veut \u00eatre \u00e0 la hauteur des joueurs les mieux pay\u00e9s de l\u2019\u00e9quipe comme l&rsquo;indique Goal.<\/p>\n<p>L\u2019autre raison pour laquelle Coman pense changer d\u2019air c\u2019est qu\u2019il n\u2019a pas dig\u00e9r\u00e9 le fait que le num\u00e9ro 10 lui ait \u00e9chapp\u00e9 suite au d\u00e9part d\u2019Arjen Robben. Il lorgnait sur ce num\u00e9ro, mais la direction l\u2019a offert \u00e0 Philippe Coutinho, puis \u00e0 Leroy San\u00e9. Le Fran\u00e7ais y a vu le signe d\u2019un manque de reconnaissance.<\/p>\n<p>San\u00e9 est un concurrent direct de Coman et ce dernier go\u00fbte mod\u00e9r\u00e9ment au fait que l\u2019international allemand soit plus utilis\u00e9 que lui. Il estime avoir gagn\u00e9 le droit d\u2019\u00eatre mieux consid\u00e9r\u00e9 au vu des services rendus au club et notamment le but qu\u2019il a inscrit en finale de la Ligue des Champions 2019\/2020 contre le PSG.<\/p>\n<p><strong>Publi\u00e9 dans :<\/strong> <span>Bayern Munich<\/span><\/p>\n<\/div>\n<p>Auteur:<br \/>\n<a href=\"http:\/\/www.lebuteur.com\/article\/detail?titre=bayern-coman-veut-un-bon-de-sortie&#038;id=100351&#038;utm_source=feedburner&#038;utm_medium=feed&#038;utm_campaign=Feed%3A+GalerieFArtciles+%28Les+derniers+articles++-+lebuteur.com%29\">Cliquez ici pour lire l&rsquo;article depuis sa source.<\/a><\/p>\n","protected":false},"excerpt":{"rendered":"<p>Auteur : samedi 12 juin 2021 19:23 L\u2019attaquant fran\u00e7ais aurait pris la d\u00e9cision de quitter la formation bavaroise cet \u00e9t\u00e9. L\u2019information a \u00e9t\u00e9 r\u00e9v\u00e9l\u00e9e par Sky Allemagne ce samedi. La d\u00e9cision de l\u2019ancien parisien serait motiv\u00e9e par plusieurs raisons. La premi\u00e8re est qu\u2019il est m\u00e9content des conditions salariales qui lui ont \u00e9t\u00e9 propos\u00e9es dans le [&hellip;]<\/p>\n","protected":false},"author":1738,"featured_media":0,"comment_status":"closed","ping_status":"closed","sticky":false,"template":"","format":"standard","meta":{"fifu_image_url":"\/\/cdn.lebuteur.com\/data\/images\/article\/thumbs\/large-bayern-coman-veut-un-bon-de-sortie-86439.jpg","fifu_image_alt":"International : Bayern : Coman veut un bon de sortie","footnotes":""},"categories":[53,75],"tags":[],"class_list":["post-118477","post","type-post","status-publish","format-standard","hentry","category-algerie","category-sport"],"_links":{"self":[{"href":"https:\/\/linitiative.ca\/International\/wp-json\/wp\/v2\/posts\/118477","targetHints":{"allow":["GET"]}}],"collection":[{"href":"https:\/\/linitiative.ca\/International\/wp-json\/wp\/v2\/posts"}],"about":[{"href":"https:\/\/linitiative.ca\/International\/wp-json\/wp\/v2\/types\/post"}],"author":[{"embeddable":true,"href":"https:\/\/linitiative.ca\/International\/wp-json\/wp\/v2\/users\/1738"}],"replies":[{"embeddable":true,"href":"https:\/\/linitiative.ca\/International\/wp-json\/wp\/v2\/comments?post=118477"}],"version-history":[{"count":0,"href":"https:\/\/linitiative.ca\/International\/wp-json\/wp\/v2\/posts\/118477\/revisions"}],"wp:attachment":[{"href":"https:\/\/linitiative.ca\/International\/wp-json\/wp\/v2\/media?parent=118477"}],"wp:term":[{"taxonomy":"category","embeddable":true,"href":"https:\/\/linitiative.ca\/International\/wp-json\/wp\/v2\/categories?post=118477"},{"taxonomy":"post_tag","embeddable":true,"href":"https:\/\/linitiative.ca\/International\/wp-json\/wp\/v2\/tags?post=118477"}],"curies":[{"name":"wp","href":"https:\/\/api.w.org\/{rel}","templated":true}]}}