{"id":118483,"date":"2021-06-12T07:06:41","date_gmt":"2021-06-12T11:06:41","guid":{"rendered":"https:\/\/linitiative.ca\/International\/update-conditions-dacces-au-territoire-marocain-pour-les-voyageurs-en-provenance-des-pays-de-la-liste-a-et-b\/"},"modified":"2021-06-12T07:06:41","modified_gmt":"2021-06-12T11:06:41","slug":"update-conditions-dacces-au-territoire-marocain-pour-les-voyageurs-en-provenance-des-pays-de-la-liste-a-et-b","status":"publish","type":"post","link":"https:\/\/linitiative.ca\/International\/update-conditions-dacces-au-territoire-marocain-pour-les-voyageurs-en-provenance-des-pays-de-la-liste-a-et-b\/","title":{"rendered":"Update. Conditions d\u2019acc\u00e8s au territoire marocain pour les voyageurs en provenance des pays de la liste A et B"},"content":{"rendered":"<p><strong>Le minist\u00e8re de la Sant\u00e9 a publi\u00e9 hier, vendredi 11 juin un protocole sanitaire concernant les voyages internationaux. Ce protocole accompagnera la reprise des vols et la relance du tourisme en toute s\u00e9curit\u00e9. Dans ce document, le minist\u00e8re pr\u00e9cise les conditions d\u2019entr\u00e9e au Maroc pour les passagers en provenance des listes A et B.<\/strong><\/p>\n<div class=\"c10\">\n<\/div>\n<p><strong>Concernant la liste A\u00a0:<\/strong><\/p>\n<p>Les voyageurs en provenance des pays de la liste A se doivent de disposer d\u2019un pass vaccinal ou d\u2019un certificat qui atteste de leur vaccination compl\u00e8te. En ce qui concerne les personnes n\u2019ayant pas pu \u00eatre vaccin\u00e9es ou en attente de la deuxi\u00e8me dose, un test PCR n\u00e9gatif \u00e0 l\u2019embarquement qui ne date pas de plus de 48 heures est n\u00e9cessaire. Toutefois, les enfants de moins de 11 ans sont exempt\u00e9s de toute disposition. Cependant, et d\u2019apr\u00e8s le communiqu\u00e9 minist\u00e9riel, des laboratoires mobiles au niveau des navires de travers\u00e9e pourront \u00eatre install\u00e9s afin d\u2019effectuer des tests PCR \u00e0 bord.<\/p>\n<p><strong>Lire aussi | <a href=\"https:\/\/www.challenge.ma\/vacances-a-letranger-destinations-possibles-pour-les-marocains-notre-tour-du-monde-pays-par-pays-187525\/\">Vacances \u00e0 l\u2019\u00e9tranger : destinations possibles pour les Marocains, notre tour du monde, pays par pays<\/a><\/strong><\/p>\n<p>A ceci s\u2019ajoute que tout passager se doit de t\u00e9l\u00e9charger une fiche sanitaire avant son embarquement (distribu\u00e9e aussi \u00e0 bord de l\u2019a\u00e9ronef ou du navire). Sur cette fiche devra figurer l\u2019adresse du passager et deux num\u00e9ros de t\u00e9l\u00e9phone permettant de le localiser, en cas de besoin, pendant les 10 jours qui suivent son arriv\u00e9e sur le territoire national.<\/p>\n<p><strong>Concernant la liste B\u00a0:<\/strong><\/p>\n<p><strong>La liste B<\/strong> connait un maintien de la suspension des liaisons. Cependant, concernant les autorisations exceptionnelles, accord\u00e9es par les services consulaires, les autorit\u00e9s sanitaires ont fix\u00e9 trois conditions :<\/p>\n<ol type=\"1\">\n<li>Un test PCR n\u00e9gatif \u00e0 l\u2019embarquement, datant de 48 heures au maximum ;<\/li>\n<li>Une quarantaine contr\u00f4l\u00e9e de 10 jours, \u00e0 la charge de l\u2019int\u00e9ress\u00e9 dans des structures pr\u00e9alablement d\u00e9sign\u00e9es par les autorit\u00e9s locales ;<\/li>\n<li>Un test PCR de contr\u00f4le au 9\u00e8me jour<\/li>\n<\/ol>\n<p><strong>Lire aussi | <a href=\"https:\/\/www.challenge.ma\/maroc-hausse-normale-des-prix-des-billets-davions-187934\/\">Maroc : hausse \u00abnormale\u00bb des prix des billets d\u2019avions<\/a><\/strong><\/p>\n<p><strong>La liste B<\/strong> compte l\u2019Afghanistan, l\u2019Alg\u00e9rie, l\u2019Angola, l\u2019Argentine, le Bahre\u00efn, le Bangladesh, le B\u00e9nin, la Bolivie, le Botswana, le Br\u00e9sil, le Cambodge, le Cameroun, le Cap Vert, le Chili, la Colombie, le Congo, Congo (RDC), Cuba, les Emirats Arabes Unis, Eswatini, Guatemala, Ha\u00efti, Honduras, l\u2019Inde, l\u2019Indon\u00e9sie, l\u2019Iran, l\u2019Irak, la Jama\u00efque, le Kazakhstan, le Kenya, le Kowe\u00eft, Lesotho, Lettonie, Liberia, la Lituanie, Madagascar, la Malaisie, le Malawi, les Maldives, Mali, les Iles Maurice, le Mexique, la Namibie, le N\u00e9pal, le Nicaragua, le Niger, Oman, Ouganda, le Pakistan, Panama, le Paraguay, le P\u00e9rou, Qatar, la R\u00e9publique Centrafricaine, la R\u00e9publique D\u00e9mocratique Populaire de Cor\u00e9e (Nord), les Seychelles, le Sierra Leone, la Somalie, le Soudan, l\u2019Afrique du Sud, le Sri Lanka, le Sud Soudan, la Syrie, la Tanzanie, Tchad, Tha\u00eflande, Togo, l\u2019Ukraine, l\u2019Uruguay, le Venezuela, le Vietnam, le Y\u00e9men, la Zambie et le Zimbabwe.<\/p>\n<p>Auteur: Amine Messaoudi<br \/>\n<a href=\"https:\/\/www.challenge.ma\/update-conditions-dacces-au-territoire-marocain-pour-les-voyageurs-en-provenance-des-pays-de-la-liste-a-et-b-188158\/\">Cliquez ici pour lire l&rsquo;article depuis sa source.<\/a><\/p>\n","protected":false},"excerpt":{"rendered":"<p>Le minist\u00e8re de la Sant\u00e9 a publi\u00e9 hier, vendredi 11 juin un protocole sanitaire concernant les voyages internationaux. Ce protocole accompagnera la reprise des vols et la relance du tourisme en toute s\u00e9curit\u00e9. Dans ce document, le minist\u00e8re pr\u00e9cise les conditions d\u2019entr\u00e9e au Maroc pour les passagers en provenance des listes A et B. Concernant [&hellip;]<\/p>\n","protected":false},"author":1787,"featured_media":0,"comment_status":"closed","ping_status":"closed","sticky":false,"template":"","format":"standard","meta":{"fifu_image_url":"","fifu_image_alt":"","footnotes":""},"categories":[78,54],"tags":[],"class_list":["post-118483","post","type-post","status-publish","format-standard","hentry","category-economie","category-maroc"],"_links":{"self":[{"href":"https:\/\/linitiative.ca\/International\/wp-json\/wp\/v2\/posts\/118483","targetHints":{"allow":["GET"]}}],"collection":[{"href":"https:\/\/linitiative.ca\/International\/wp-json\/wp\/v2\/posts"}],"about":[{"href":"https:\/\/linitiative.ca\/International\/wp-json\/wp\/v2\/types\/post"}],"author":[{"embeddable":true,"href":"https:\/\/linitiative.ca\/International\/wp-json\/wp\/v2\/users\/1787"}],"replies":[{"embeddable":true,"href":"https:\/\/linitiative.ca\/International\/wp-json\/wp\/v2\/comments?post=118483"}],"version-history":[{"count":0,"href":"https:\/\/linitiative.ca\/International\/wp-json\/wp\/v2\/posts\/118483\/revisions"}],"wp:attachment":[{"href":"https:\/\/linitiative.ca\/International\/wp-json\/wp\/v2\/media?parent=118483"}],"wp:term":[{"taxonomy":"category","embeddable":true,"href":"https:\/\/linitiative.ca\/International\/wp-json\/wp\/v2\/categories?post=118483"},{"taxonomy":"post_tag","embeddable":true,"href":"https:\/\/linitiative.ca\/International\/wp-json\/wp\/v2\/tags?post=118483"}],"curies":[{"name":"wp","href":"https:\/\/api.w.org\/{rel}","templated":true}]}}