{"id":118488,"date":"2021-06-12T16:45:58","date_gmt":"2021-06-12T20:45:58","guid":{"rendered":"https:\/\/linitiative.ca\/International\/tunisie-le-tribunal-administratif-rejette-les-recours-deposes-par-le-magistrat-taieb-rached\/"},"modified":"2021-06-12T16:45:58","modified_gmt":"2021-06-12T20:45:58","slug":"tunisie-le-tribunal-administratif-rejette-les-recours-deposes-par-le-magistrat-taieb-rached","status":"publish","type":"post","link":"https:\/\/linitiative.ca\/International\/tunisie-le-tribunal-administratif-rejette-les-recours-deposes-par-le-magistrat-taieb-rached\/","title":{"rendered":"Tunisie \u2013 Le tribunal administratif rejette les recours d\u00e9pos\u00e9s par le magistrat Ta\u00efeb Rached"},"content":{"rendered":"<div class=\"post-cont-in left relative\">\n<div id=\"post-info-wrap\" class=\"left relative post-info-out\">\n<div class=\"post-info-img left relative\"><img decoding=\"async\" alt=\"\" src=\"https:\/\/secure.gravatar.com\/avatar\/047123be9d5e8513774383916ee72db2?s=50&amp;d=mm&amp;r=g\" srcset=\"https:\/\/secure.gravatar.com\/avatar\/047123be9d5e8513774383916ee72db2?s=100&amp;d=mm&amp;r=g 2x\" class=\"avatar avatar-50 photo\" height=\"50\" width=\"50\" loading=\"lazy\"\/><\/div>\n<div class=\"post-info-in post-info-right left relative post-info-name left relative\"><span><span class=\"post-info-text\">Par<\/span> <span class=\"author-name vcard fn author\"><a href=\"https:\/\/www.tunisienumerique.com\/author\/lm\/\" title=\"Articles par LM\" rel=\"author\">LM<\/a><\/span><\/span> <span class=\"post-date updated\"><time class=\"post-date updated\" datetime=\"2021-06-12\">\u00a0| Il y a 20 secondes<\/time><\/span><br \/>\n<meta itemprop=\"dateModified\" content=\"2021-06-12\"\/><\/div>\n<\/div>\n<p><span class=\"ssb_inline-share_heading left\">Cet article vous a \u00e9t\u00e9 utile? Partagez le, il int\u00e9ressera d\u2019autres personnes. Merci!<\/span><\/p>\n<div class=\"simplesocialbuttons simplesocial-round-btm-border simplesocialbuttons_inline simplesocialbuttons-align-left post-671056 post simplesocialbuttons-inline-no-animation\"><button class=\"simplesocial-fb-share\" target=\"_blank\" data-href=\"https:\/\/www.facebook.com\/sharer\/sharer.php?u=https:\/\/www.tunisienumerique.com\/tunisie-le-tribunal-administratif-rejette-les-recours-deposes-par-le-magistrat-taieb-rached\/\" onclick=\"javascript:window.open(this.dataset.href, '', 'menubar=no,toolbar=no,resizable=yes,scrollbars=yes,height=600,width=600');return false;\"><span class=\"simplesocialtxt\">Facebook<\/span><\/button> <button class=\"simplesocial-twt-share\" data-href=\"https:\/\/twitter.com\/share?text=Tunisie+%E2%80%93+Le+tribunal+administratif+rejette+les+recours+d%C3%A9pos%C3%A9s+par+le+magistrat+Ta%C3%AFeb+Rached&amp;url=https:\/\/www.tunisienumerique.com\/tunisie-le-tribunal-administratif-rejette-les-recours-deposes-par-le-magistrat-taieb-rached\/\" rel=\"nofollow\" onclick=\"javascript:window.open(this.dataset.href, '', 'menubar=no,toolbar=no,resizable=yes,scrollbars=yes,height=600,width=600');return false;\"><span class=\"simplesocialtxt\">Twitter<\/span><\/button> <button target=\"popup\" class=\"simplesocial-linkedin-share\" data-href=\"https:\/\/www.linkedin.com\/cws\/share?url=https:\/\/www.tunisienumerique.com\/tunisie-le-tribunal-administratif-rejette-les-recours-deposes-par-le-magistrat-taieb-rached\/\" onclick=\"javascript:window.open(this.dataset.href, '', 'menubar=no,toolbar=no,resizable=yes,scrollbars=yes,height=600,width=600');return false;\"><span class=\"simplesocialtxt\">LinkedIn<\/span><\/button> <button onclick=\"javascript:window.open(this.dataset.href, '_blank' );return false;\" class=\"simplesocial-whatsapp-share\" data-href=\"https:\/\/web.whatsapp.com\/send?text=https:\/\/www.tunisienumerique.com\/tunisie-le-tribunal-administratif-rejette-les-recours-deposes-par-le-magistrat-taieb-rached\/\"><span class=\"simplesocialtxt\">WhatsApp<\/span><\/button><\/p>\n<\/div>\n<div class=\"code-block code-block-1 c4\">\n <ins class=\"adsbygoogle c3\" data-ad-layout=\"in-article\" data-ad-format=\"fluid\" data-ad-client=\"ca-pub-2102118777505746\" data-ad-slot=\"7301775417\"\/>\n<\/div>\n<p>Le tribunal administratif a rejet\u00e9, ce samedi, le recours d\u00e9pos\u00e9 par le premier pr\u00e9sident de la cour de cassation, le magistrat Ta\u00efed Rached, pour annuler sa suspension en tant que membre du haut conseil de la magistrature. Et ce pour incomp\u00e9tence du tribunal administratif.<\/p>\n<p>Le tribunal avait, auparavant, rejet\u00e9, pour les m\u00eames raisons, un recours similaire d\u00e9pos\u00e9 par Ta\u00efeb Rached, pour suspendre la d\u00e9cision du retrait de son immunit\u00e9 judiciaire.<\/p>\n<p><span class=\"ssb_inline-share_heading left\">Cet article vous a \u00e9t\u00e9 utile? Partagez le, il int\u00e9ressera d\u2019autres personnes. Merci!<\/span><\/p>\n<div class=\"simplesocialbuttons simplesocial-round-btm-border simplesocialbuttons_inline simplesocialbuttons-align-left post-671056 post simplesocialbuttons-inline-no-animation\"><button class=\"simplesocial-fb-share\" target=\"_blank\" data-href=\"https:\/\/www.facebook.com\/sharer\/sharer.php?u=https:\/\/www.tunisienumerique.com\/tunisie-le-tribunal-administratif-rejette-les-recours-deposes-par-le-magistrat-taieb-rached\/\" onclick=\"javascript:window.open(this.dataset.href, '', 'menubar=no,toolbar=no,resizable=yes,scrollbars=yes,height=600,width=600');return false;\"><span class=\"simplesocialtxt\">Facebook<\/span><\/button> <button class=\"simplesocial-twt-share\" data-href=\"https:\/\/twitter.com\/share?text=Tunisie+%E2%80%93+Le+tribunal+administratif+rejette+les+recours+d%C3%A9pos%C3%A9s+par+le+magistrat+Ta%C3%AFeb+Rached&amp;url=https:\/\/www.tunisienumerique.com\/tunisie-le-tribunal-administratif-rejette-les-recours-deposes-par-le-magistrat-taieb-rached\/\" rel=\"nofollow\" onclick=\"javascript:window.open(this.dataset.href, '', 'menubar=no,toolbar=no,resizable=yes,scrollbars=yes,height=600,width=600');return false;\"><span class=\"simplesocialtxt\">Twitter<\/span><\/button> <button target=\"popup\" class=\"simplesocial-linkedin-share\" data-href=\"https:\/\/www.linkedin.com\/cws\/share?url=https:\/\/www.tunisienumerique.com\/tunisie-le-tribunal-administratif-rejette-les-recours-deposes-par-le-magistrat-taieb-rached\/\" onclick=\"javascript:window.open(this.dataset.href, '', 'menubar=no,toolbar=no,resizable=yes,scrollbars=yes,height=600,width=600');return false;\"><span class=\"simplesocialtxt\">LinkedIn<\/span><\/button> <button onclick=\"javascript:window.open(this.dataset.href, '_blank' );return false;\" class=\"simplesocial-whatsapp-share\" data-href=\"https:\/\/web.whatsapp.com\/send?text=https:\/\/www.tunisienumerique.com\/tunisie-le-tribunal-administratif-rejette-les-recours-deposes-par-le-magistrat-taieb-rached\/\"><span class=\"simplesocialtxt\">WhatsApp<\/span><\/button><\/p>\n<\/div>\n<p><strong>Que se passe-t-il en Tunisie?<\/strong><br \/>Nous expliquons sur notre <a href=\"https:\/\/www.youtube.com\/channel\/UCRzypVq0B_yBad5eGrwBx0Q?sub_confirmation=1\" target=\"_blank\" rel=\"noopener\">cha\u00eene YouTube<\/a> . <a href=\"https:\/\/www.youtube.com\/channel\/UCRzypVq0B_yBad5eGrwBx0Q?sub_confirmation=1\" target=\"_blank\" rel=\"noopener\">Abonnez-vous!<\/a><\/p>\n<div class=\"mvp-org-wrap\" itemprop=\"publisher\">\n<div class=\"mvp-org-logo\" itemprop=\"logo\"><img decoding=\"async\" src=\"https:\/\/www.tunisienumerique.com\/wp-content\/uploads\/2017\/02\/logo_tunisie_numerique.png\"\/><br \/>\n<meta itemprop=\"url\" content=\"https:\/\/www.tunisienumerique.com\/wp-content\/uploads\/2017\/02\/logo_tunisie_numerique.png\"\/><\/div>\n<p><meta content=\"Tunisie\"\/><\/div>\n<div class=\"mvp-related-posts left relative\">\n<h4 class=\"post-header\"><span class=\"post-header\">Lire aussi<\/span><\/h4>\n<\/div>\n<div id=\"article-ad\">\n <ins class=\"adsbygoogle c5\" data-ad-client=\"ca-pub-2102118777505746\" data-ad-slot=\"6513972734\" data-ad-format=\"auto\" data-full-width-responsive=\"true\"\/>\n<\/div>\n<\/div>\n<div id=\"post-sidebar-wrap\">\n <ins class=\"adsbygoogle c5\" data-ad-client=\"ca-pub-2102118777505746\" data-ad-slot=\"6168283410\" data-ad-format=\"auto\" data-full-width-responsive=\"true\"\/>\n<\/div>\n<p>Auteur: LM<br \/>\n<a href=\"https:\/\/www.tunisienumerique.com\/tunisie-le-tribunal-administratif-rejette-les-recours-deposes-par-le-magistrat-taieb-rached\/\">Cliquez ici pour lire l&rsquo;article depuis sa source.<\/a><\/p>\n","protected":false},"excerpt":{"rendered":"<p>Par LM \u00a0| Il y a 20 secondes Cet article vous a \u00e9t\u00e9 utile? Partagez le, il int\u00e9ressera d\u2019autres personnes. Merci! Facebook Twitter LinkedIn WhatsApp Le tribunal administratif a rejet\u00e9, ce samedi, le recours d\u00e9pos\u00e9 par le premier pr\u00e9sident de la cour de cassation, le magistrat Ta\u00efed Rached, pour annuler sa suspension en tant que [&hellip;]<\/p>\n","protected":false},"author":1789,"featured_media":0,"comment_status":"closed","ping_status":"closed","sticky":false,"template":"","format":"standard","meta":{"fifu_image_url":"https:\/\/secure.gravatar.com\/avatar\/047123be9d5e8513774383916ee72db2?s=50&d=mm&r=g","fifu_image_alt":"Tunisie \u2013 Le tribunal administratif rejette les recours d\u00e9pos\u00e9s par le magistrat Ta\u00efeb Rached","footnotes":""},"categories":[73,55],"tags":[],"class_list":["post-118488","post","type-post","status-publish","format-standard","hentry","category-actualite","category-tunisie"],"_links":{"self":[{"href":"https:\/\/linitiative.ca\/International\/wp-json\/wp\/v2\/posts\/118488","targetHints":{"allow":["GET"]}}],"collection":[{"href":"https:\/\/linitiative.ca\/International\/wp-json\/wp\/v2\/posts"}],"about":[{"href":"https:\/\/linitiative.ca\/International\/wp-json\/wp\/v2\/types\/post"}],"author":[{"embeddable":true,"href":"https:\/\/linitiative.ca\/International\/wp-json\/wp\/v2\/users\/1789"}],"replies":[{"embeddable":true,"href":"https:\/\/linitiative.ca\/International\/wp-json\/wp\/v2\/comments?post=118488"}],"version-history":[{"count":0,"href":"https:\/\/linitiative.ca\/International\/wp-json\/wp\/v2\/posts\/118488\/revisions"}],"wp:attachment":[{"href":"https:\/\/linitiative.ca\/International\/wp-json\/wp\/v2\/media?parent=118488"}],"wp:term":[{"taxonomy":"category","embeddable":true,"href":"https:\/\/linitiative.ca\/International\/wp-json\/wp\/v2\/categories?post=118488"},{"taxonomy":"post_tag","embeddable":true,"href":"https:\/\/linitiative.ca\/International\/wp-json\/wp\/v2\/tags?post=118488"}],"curies":[{"name":"wp","href":"https:\/\/api.w.org\/{rel}","templated":true}]}}