{"id":118490,"date":"2021-06-12T05:57:51","date_gmt":"2021-06-12T09:57:51","guid":{"rendered":"https:\/\/linitiative.ca\/International\/lutte-contre-le-terrorisme-la-france-reaffirme-sa-volonte-dagir-avec-les-forces-burkinabe-pour-combattre-lennemi-commun\/"},"modified":"2021-06-12T05:57:51","modified_gmt":"2021-06-12T09:57:51","slug":"lutte-contre-le-terrorisme-la-france-reaffirme-sa-volonte-dagir-avec-les-forces-burkinabe-pour-combattre-lennemi-commun","status":"publish","type":"post","link":"https:\/\/linitiative.ca\/International\/lutte-contre-le-terrorisme-la-france-reaffirme-sa-volonte-dagir-avec-les-forces-burkinabe-pour-combattre-lennemi-commun\/","title":{"rendered":"Lutte contre le terrorisme : la France r\u00e9affirme sa volont\u00e9 d\u2019agir avec les forces burkinab\u00e8 pour combattre l\u2019ennemi commun"},"content":{"rendered":"<div class=\"td-post-featured-image\"><a href=\"https:\/\/www.sidwaya.info\/wp-content\/uploads\/2021\/06\/download-1.jpg\" data-caption=\"\"><img loading=\"lazy\" decoding=\"async\" width=\"696\" height=\"443\" class=\"entry-thumb td-modal-image\" src=\"https:\/\/www.sidwaya.info\/wp-content\/uploads\/2021\/06\/download-1-696x443.jpg\" srcset=\"https:\/\/www.sidwaya.info\/wp-content\/uploads\/2021\/06\/download-1-696x443.jpg 696w, https:\/\/www.sidwaya.info\/wp-content\/uploads\/2021\/06\/download-1-300x191.jpg 300w, https:\/\/www.sidwaya.info\/wp-content\/uploads\/2021\/06\/download-1-768x489.jpg 768w, https:\/\/www.sidwaya.info\/wp-content\/uploads\/2021\/06\/download-1-150x96.jpg 150w, https:\/\/www.sidwaya.info\/wp-content\/uploads\/2021\/06\/download-1-660x420.jpg 660w, https:\/\/www.sidwaya.info\/wp-content\/uploads\/2021\/06\/download-1.jpg 900w\" sizes=\"auto, (max-width: 696px) 100vw, 696px\" alt=\"\" title=\"download\"\/><\/a><\/div>\n<p>Le pr\u00e9sident du Faso, Roch Marc Christian Kabor\u00e9 a accord\u00e9, ce vendredi apr\u00e8s-midi, une audience au ministre fran\u00e7ais de l\u2019Europe et des Affaires \u00e9trang\u00e8res, Jean-Yves Le Drian, venu pr\u00e9senter au pr\u00e9sident Kabor\u00e9, les condol\u00e9ances de la France, et l\u2019empathie au peuple burkinab\u00e8 \u00e0 la suite de l\u2019attaque terroriste de Solhan.<\/p>\n<p>\u00ab Nous voulons dire aux autorit\u00e9s notre amiti\u00e9, notre affection, notre volont\u00e9 de continuer \u00e0 agir ensemble contre ce poison qui est le terrorisme \u00bb a d\u00e9clar\u00e9 le chef de la diplomate fran\u00e7aise \u00e0 sa sortie d\u2019audience.<\/p>\n<p>R\u00e9agissant au retrait annonc\u00e9 de la force Barkhane, le ministre fran\u00e7ais en charge des affaires \u00e9trang\u00e8res a reconnu que \u00ab le mod\u00e8le de Barkhane n\u2019est pas le mod\u00e8le adapt\u00e9 \u00bb.<\/p>\n<p>C\u2019est pourquoi, \u00abnous voulons engager des consultations pour essayer de transformer ce mod\u00e8le dans un mod\u00e8le qui soit moins un mod\u00e8le d\u2019emprunt territorial des forces fran\u00e7aises qu\u2019un mod\u00e8le de coop\u00e9ration et de soutien \u00e0 l\u2019\u00e9gard des forces qui sont des pays concern\u00e9s\u00bb , a-t-il soutenu.<\/p>\n<p>Selon Jean-Yves Le Drian, la transformation de la force Barkhane va \u00e9pouser les priorit\u00e9s qui ont \u00e9t\u00e9 d\u00e9finies au sommet de Pau en janvier 2020 et au sommet de N\u2019Djamena en f\u00e9vrier 2020. Ces priorit\u00e9s reposent sur quatre axes majeurs que sont la poursuite de la lutte contre le terrorisme, le renforcement de la Force conjointe du G5 Sahel, le sursaut civique et politique des Etats pour reconqu\u00e9rir leur propre territoire et le d\u00e9veloppement des pays du Sahel avec le soutien d\u2019autres partenaires internationaux.<\/p>\n<p><strong>Direction de la communication de la pr\u00e9sidence du Faso<\/strong><\/p>\n<p><a href=\"https:\/\/www.facebook.com\/Presidence.bf\/photos\/pcb.1788685511313711\/1788685471313715\/?__cft__%5b0%5d=AZU8doHccGPo0Ty70jZWyNrRY9iFGl6rWXZq9H9UaNik4VKmvbdVCk4BZK_15fzJb66B2C8j3GcV4Xp0XhI8eZXfTEdeOG73xuTYg04pxfUstoAoDT_GY7ir63tExtiKfxLZYh_GikL07mQ5tYDeZHJh&amp;__tn__=*bH-R\">\u00a0<\/a><\/p>\n<div class=\"td-a-rec td-a-rec-id-content_bottom tdi_33_94a td_block_template_1\">\n<p><img loading=\"lazy\" decoding=\"async\" class=\"aligncenter size-full wp-image-27454\" src=\"https:\/\/www.sidwaya.info\/wp-content\/uploads\/2020\/10\/PUB-Bandeau-paiement-mobile-siteweb.jpg\" alt=\"\" width=\"728\" height=\"90\"\/><\/div>\n<p>Auteur: BANGRE SIDWAYA<br \/>\n<a href=\"https:\/\/www.sidwaya.info\/blog\/2021\/06\/12\/lutte-contre-le-terrorisme-la-france-reaffirme-sa-volonte-dagir-avec-les-forces-burkinabe-pour-combattre-lennemi-commun\/\">Cliquez ici pour lire l&rsquo;article depuis sa source.<\/a><\/p>\n","protected":false},"excerpt":{"rendered":"<p>Le pr\u00e9sident du Faso, Roch Marc Christian Kabor\u00e9 a accord\u00e9, ce vendredi apr\u00e8s-midi, une audience au ministre fran\u00e7ais de l\u2019Europe et des Affaires \u00e9trang\u00e8res, Jean-Yves Le Drian, venu pr\u00e9senter au pr\u00e9sident Kabor\u00e9, les condol\u00e9ances de la France, et l\u2019empathie au peuple burkinab\u00e8 \u00e0 la suite de l\u2019attaque terroriste de Solhan. \u00ab Nous voulons dire aux [&hellip;]<\/p>\n","protected":false},"author":1816,"featured_media":0,"comment_status":"closed","ping_status":"closed","sticky":false,"template":"","format":"standard","meta":{"fifu_image_url":"https:\/\/www.sidwaya.info\/wp-content\/uploads\/2021\/06\/download-1-696x443.jpg","fifu_image_alt":"Lutte contre le terrorisme : la France r\u00e9affirme sa volont\u00e9 d\u2019agir avec les forces burkinab\u00e8 pour combattre l\u2019ennemi commun","footnotes":""},"categories":[73,81],"tags":[],"class_list":["post-118490","post","type-post","status-publish","format-standard","hentry","category-actualite","category-burkina-faso"],"_links":{"self":[{"href":"https:\/\/linitiative.ca\/International\/wp-json\/wp\/v2\/posts\/118490","targetHints":{"allow":["GET"]}}],"collection":[{"href":"https:\/\/linitiative.ca\/International\/wp-json\/wp\/v2\/posts"}],"about":[{"href":"https:\/\/linitiative.ca\/International\/wp-json\/wp\/v2\/types\/post"}],"author":[{"embeddable":true,"href":"https:\/\/linitiative.ca\/International\/wp-json\/wp\/v2\/users\/1816"}],"replies":[{"embeddable":true,"href":"https:\/\/linitiative.ca\/International\/wp-json\/wp\/v2\/comments?post=118490"}],"version-history":[{"count":0,"href":"https:\/\/linitiative.ca\/International\/wp-json\/wp\/v2\/posts\/118490\/revisions"}],"wp:attachment":[{"href":"https:\/\/linitiative.ca\/International\/wp-json\/wp\/v2\/media?parent=118490"}],"wp:term":[{"taxonomy":"category","embeddable":true,"href":"https:\/\/linitiative.ca\/International\/wp-json\/wp\/v2\/categories?post=118490"},{"taxonomy":"post_tag","embeddable":true,"href":"https:\/\/linitiative.ca\/International\/wp-json\/wp\/v2\/tags?post=118490"}],"curies":[{"name":"wp","href":"https:\/\/api.w.org\/{rel}","templated":true}]}}