{"id":118491,"date":"2021-06-12T07:04:52","date_gmt":"2021-06-12T11:04:52","guid":{"rendered":"https:\/\/linitiative.ca\/International\/securiteroch-kabore-a-echange-avec-le-nouveau-representant-special-du-secretaire-general-des-nations-unies-pour-l-afrique-de-l-ouest-et-le-sahel\/"},"modified":"2021-06-12T07:04:52","modified_gmt":"2021-06-12T11:04:52","slug":"securiteroch-kabore-a-echange-avec-le-nouveau-representant-special-du-secretaire-general-des-nations-unies-pour-l-afrique-de-l-ouest-et-le-sahel","status":"publish","type":"post","link":"https:\/\/linitiative.ca\/International\/securiteroch-kabore-a-echange-avec-le-nouveau-representant-special-du-secretaire-general-des-nations-unies-pour-l-afrique-de-l-ouest-et-le-sahel\/","title":{"rendered":"S\u00e9curit\u00e9:Roch Kabore a \u00e9chang\u00e9 avec le nouveau Repr\u00e9sentant sp\u00e9cial du Secr\u00e9taire g\u00e9n\u00e9ral des Nations unies pour l\u2019 Afrique de l\u2019 Ouest et le Sahel"},"content":{"rendered":"<div class=\"td-post-featured-image\"><a href=\"https:\/\/www.sidwaya.info\/wp-content\/uploads\/2021\/06\/E3ozPifXwAQQLOx.jpg\" data-caption=\"\"><img loading=\"lazy\" decoding=\"async\" width=\"696\" height=\"496\" class=\"entry-thumb td-modal-image\" src=\"https:\/\/www.sidwaya.info\/wp-content\/uploads\/2021\/06\/E3ozPifXwAQQLOx-696x496.jpg\" srcset=\"https:\/\/www.sidwaya.info\/wp-content\/uploads\/2021\/06\/E3ozPifXwAQQLOx-696x496.jpg 696w, https:\/\/www.sidwaya.info\/wp-content\/uploads\/2021\/06\/E3ozPifXwAQQLOx-300x214.jpg 300w, https:\/\/www.sidwaya.info\/wp-content\/uploads\/2021\/06\/E3ozPifXwAQQLOx-768x548.jpg 768w, https:\/\/www.sidwaya.info\/wp-content\/uploads\/2021\/06\/E3ozPifXwAQQLOx-150x107.jpg 150w, https:\/\/www.sidwaya.info\/wp-content\/uploads\/2021\/06\/E3ozPifXwAQQLOx-589x420.jpg 589w, https:\/\/www.sidwaya.info\/wp-content\/uploads\/2021\/06\/E3ozPifXwAQQLOx-100x70.jpg 100w, https:\/\/www.sidwaya.info\/wp-content\/uploads\/2021\/06\/E3ozPifXwAQQLOx.jpg 900w\" sizes=\"auto, (max-width: 696px) 100vw, 696px\" alt=\"\" title=\"E3ozPifXwAQQLOx\"\/><\/a><\/div>\n<p>Le pr\u00e9sident du Faso, Roch Kabor\u00e9 a re\u00e7u en audience dans la soir\u00e9e du vendredi 11 juin 2021 \u00e0 Ouagadougou, le nouveau Repr\u00e9sentant sp\u00e9cial du Secr\u00e9taire g\u00e9n\u00e9ral des Nations unies pour l\u2019Afrique de l\u2019Ouest et le Sahel, Mahamat Saleh Annadif.<\/p>\n<p>\u00ab\u00a0 <em>J\u2019ai pris fonction il y a de cela un mois et j\u2019ai commenc\u00e9 une tourn\u00e9e au niveau des pays membres de la CEDEAO pour me pr\u00e9senter aux diff\u00e9rents chefs d\u2019Etat, surtout recueillir leurs sentiments, comprendre les d\u00e9fis, le r\u00f4le que les Nations unies peuvent jouer pour aider ces pays<\/em> \u00bb, a d\u00e9clar\u00e9 \u00a0Mahamat Saleh Annadif \u00e0 sa sortie d\u2019audience. Celui-ci a confi\u00e9 avoir pr\u00e9senter ses condol\u00e9ances au chef de l\u2019Etat burkinab\u00e8 pour le drame de Solhan, avant d\u2019\u00e9changer avec lui sur la situation s\u00e9curitaire.<\/p>\n<p><em>\u00ab\u00a0 J\u2019ai marqu\u00e9 au pr\u00e9sident du Faso, notre solidarit\u00e9, nos compassions et les condol\u00e9ances du Secr\u00e9taire g\u00e9n\u00e9ral des Nations unies et nous avons \u00e9chang\u00e9 sur la fa\u00e7on de faire pour am\u00e9liorer la situation s\u00e9curitaire<\/em> \u00bb, a pr\u00e9cise Mahamat Saleh Annadif.<\/p>\n<p>\u00ab J\u2019ai re\u00e7u ce vendredi le nouveau Repr\u00e9sentant sp\u00e9cial du Secr\u00e9taire g\u00e9n\u00e9ral de l\u2019Onu pour l\u2019Afrique de l\u2019Ouest et le Sahel, Mahamat Saleh Annadif. Nous avons pass\u00e9 en revue les grands d\u00e9fis qui se posent \u00e0 notre sous-r\u00e9gion, notamment celui li\u00e9 \u00e0 la lutte contre le terrorisme \u00bb, a dit le pr\u00e9sident Roch Kabor\u00e9 sur son compte tweeter.<\/p>\n<p>AB<\/p>\n<p><a href=\"https:\/\/www.facebook.com\/Presidence.bf\/photos\/pcb.1788685511313711\/1788685471313715\/?__cft__%5b0%5d=AZU8doHccGPo0Ty70jZWyNrRY9iFGl6rWXZq9H9UaNik4VKmvbdVCk4BZK_15fzJb66B2C8j3GcV4Xp0XhI8eZXfTEdeOG73xuTYg04pxfUstoAoDT_GY7ir63tExtiKfxLZYh_GikL07mQ5tYDeZHJh&amp;__tn__=*bH-R\">\u00a0<\/a><\/p>\n<div class=\"td-a-rec td-a-rec-id-content_bottom tdi_33_0d2 td_block_template_1\">\n<p><img loading=\"lazy\" decoding=\"async\" class=\"aligncenter size-full wp-image-27454\" src=\"https:\/\/www.sidwaya.info\/wp-content\/uploads\/2020\/10\/PUB-Bandeau-paiement-mobile-siteweb.jpg\" alt=\"\" width=\"728\" height=\"90\"\/><\/div>\n<p>Auteur: BANGRE SIDWAYA<br \/>\n<a href=\"https:\/\/www.sidwaya.info\/blog\/2021\/06\/12\/securiteroch-kabore-a-echange-avec-le-nouveau-representant-special-du-secretaire-general-des-nations-unies-pour-l-afrique-de-l-ouest-et-le-sahel\/\">Cliquez ici pour lire l&rsquo;article depuis sa source.<\/a><\/p>\n","protected":false},"excerpt":{"rendered":"<p>Le pr\u00e9sident du Faso, Roch Kabor\u00e9 a re\u00e7u en audience dans la soir\u00e9e du vendredi 11 juin 2021 \u00e0 Ouagadougou, le nouveau Repr\u00e9sentant sp\u00e9cial du Secr\u00e9taire g\u00e9n\u00e9ral des Nations unies pour l\u2019Afrique de l\u2019Ouest et le Sahel, Mahamat Saleh Annadif. \u00ab\u00a0 J\u2019ai pris fonction il y a de cela un mois et j\u2019ai commenc\u00e9 une [&hellip;]<\/p>\n","protected":false},"author":1816,"featured_media":0,"comment_status":"closed","ping_status":"closed","sticky":false,"template":"","format":"standard","meta":{"fifu_image_url":"https:\/\/www.sidwaya.info\/wp-content\/uploads\/2021\/06\/E3ozPifXwAQQLOx-696x496.jpg","fifu_image_alt":"S\u00e9curit\u00e9:Roch Kabore a \u00e9chang\u00e9 avec le nouveau Repr\u00e9sentant sp\u00e9cial du Secr\u00e9taire g\u00e9n\u00e9ral des Nations unies pour l\u2019 Afrique de l\u2019 Ouest et le Sahel","footnotes":""},"categories":[73,81],"tags":[],"class_list":["post-118491","post","type-post","status-publish","format-standard","hentry","category-actualite","category-burkina-faso"],"_links":{"self":[{"href":"https:\/\/linitiative.ca\/International\/wp-json\/wp\/v2\/posts\/118491","targetHints":{"allow":["GET"]}}],"collection":[{"href":"https:\/\/linitiative.ca\/International\/wp-json\/wp\/v2\/posts"}],"about":[{"href":"https:\/\/linitiative.ca\/International\/wp-json\/wp\/v2\/types\/post"}],"author":[{"embeddable":true,"href":"https:\/\/linitiative.ca\/International\/wp-json\/wp\/v2\/users\/1816"}],"replies":[{"embeddable":true,"href":"https:\/\/linitiative.ca\/International\/wp-json\/wp\/v2\/comments?post=118491"}],"version-history":[{"count":0,"href":"https:\/\/linitiative.ca\/International\/wp-json\/wp\/v2\/posts\/118491\/revisions"}],"wp:attachment":[{"href":"https:\/\/linitiative.ca\/International\/wp-json\/wp\/v2\/media?parent=118491"}],"wp:term":[{"taxonomy":"category","embeddable":true,"href":"https:\/\/linitiative.ca\/International\/wp-json\/wp\/v2\/categories?post=118491"},{"taxonomy":"post_tag","embeddable":true,"href":"https:\/\/linitiative.ca\/International\/wp-json\/wp\/v2\/tags?post=118491"}],"curies":[{"name":"wp","href":"https:\/\/api.w.org\/{rel}","templated":true}]}}