{"id":118493,"date":"2021-06-12T08:18:02","date_gmt":"2021-06-12T12:18:02","guid":{"rendered":"https:\/\/linitiative.ca\/International\/maroc-le-president-de-la-mgpap-designe-vice-president-de-la-commission-technique-de-la-mutualite-de-laiss\/"},"modified":"2021-06-12T08:18:02","modified_gmt":"2021-06-12T12:18:02","slug":"maroc-le-president-de-la-mgpap-designe-vice-president-de-la-commission-technique-de-la-mutualite-de-laiss","status":"publish","type":"post","link":"https:\/\/linitiative.ca\/International\/maroc-le-president-de-la-mgpap-designe-vice-president-de-la-commission-technique-de-la-mutualite-de-laiss\/","title":{"rendered":"Maroc : Le Pr\u00e9sident de la MGPAP d\u00e9sign\u00e9 vice-pr\u00e9sident de la Commission Technique de la Mutualit\u00e9 de l\u2019AISS"},"content":{"rendered":"<div readability=\"32\">\n<p>Publi\u00e9 le 12.06.2021 \u00e0 13h18 par APA News<\/p>\n<\/div>\n<div readability=\"95\">\n<p>Le Pr\u00e9sident du Conseil d\u2019Administration de la Mutuelle g\u00e9n\u00e9rale du Personnel des Administrations Publiques (MGPAP) \u2013 Maroc, Moulay Brahim El Othmani vient d\u2019\u00eatre d\u00e9sign\u00e9 vice-pr\u00e9sident de la Commission Technique de la Mutualit\u00e9 relevant de l\u2019Association Internationale de la S\u00e9curit\u00e9 Sociale (AISS).Il succ\u00e8de ainsi dans cette fonction \u00e0 l\u2019ancien pr\u00e9sident du CA de la MGPAP, Abdelmoula Abdelmoumni, d\u00e9chu sur d\u00e9cision des minist\u00e8res de tutelle, suite aux \u00ab nombreuses infractions et irr\u00e9gularit\u00e9s de gestion ayant entach\u00e9 le fonctionnement de la mutuelle \u00bb, ainsi qu\u2019\u00ab aux dommages caus\u00e9s aux droits et aux int\u00e9r\u00eats des adh\u00e9rents \u00bb.<\/p>\n<p>Les commissions techniques de l\u2019AISS (CT) ont un r\u00f4le central au sein de l\u2019Association. Elles constituent le pilier du d\u00e9veloppement des connaissances et du travail technique. Organis\u00e9es en 13 groupes th\u00e9matiques, elles permettent aux membres de l\u2019AISS de centrer leurs efforts sur leur domaine d\u2019int\u00e9r\u00eat sp\u00e9cifique.<\/p>\n<p>La Commission technique de la mutualit\u00e9 de l\u2019AISS a d\u2019ailleurs \u00e9t\u00e9 l\u2019une des premi\u00e8res commissions techniques cr\u00e9\u00e9es en 1951. Elle vise \u00e0 offrir un r\u00e9seau favorisant la collaboration entre les experts afin de faire \u00e9voluer les discussions sur des questions techniques touchant la mutualit\u00e9, et de favoriser la recherche et l\u2019analyse dans des domaines sp\u00e9cifiques de la s\u00e9curit\u00e9 sociale.<\/p>\n<p>Pour rappel, l\u2019Association internationale de la s\u00e9curit\u00e9 sociale (AISS) est la principale organisation internationale \u00e0 l\u2019intention des institutions, minist\u00e8res et agences publiques en charge de la s\u00e9curit\u00e9 sociale.<\/p>\n<p>Elle promeut l\u2019excellence dans l\u2019administration de la s\u00e9curit\u00e9 sociale \u00e0 travers des lignes directrices professionnelles, des connaissances sp\u00e9cialis\u00e9es, ainsi que la fourniture de services et de soutien afin de permettre \u00e0 ses membres de d\u00e9velopper des syst\u00e8mes et politiques de s\u00e9curit\u00e9 sociale dynamiques \u00e0 travers le monde.<\/p>\n<p>Fond\u00e9e en 1927 sous l\u2019\u00e9gide de l\u2019Organisation internationale du Travail, l\u2019AISS compte aujourd\u2019hui plus de 320 institutions membres dans plus de 160 pays. Elle \u00e9labore des standards professionnels, conduit des travaux de recherche et d\u2019analyse, identifie des bonnes pratiques et fournit des donn\u00e9es sur les syst\u00e8mes de s\u00e9curit\u00e9 sociale dans 177 pays.<\/p>\n<p>L\u2019AISS facilite aussi l\u2019adoption d\u2019approches innovantes qui renforcent l\u2019administration, permettent d\u2019anticiper les risques et de s\u2019adapter au changement et participe aux actions de sensibilisation men\u00e9es \u00e0 l\u2019\u00e9chelle mondiale pour promouvoir une s\u00e9curit\u00e9 sociale compl\u00e8te.<\/p>\n<p>Cr\u00e9\u00e9e en 1948, la MGPAP est un organisme social de droit priv\u00e9 \u00e0 but non lucratif, dont la mission est la couverture des risques pouvant atteindre la personne humaine. Elle assure \u00e9galement la gestion d\u00e9l\u00e9gu\u00e9e des prestations de l\u2019Assurance Maladie Obligatoire de base (AMO) et m\u00e8ne des actions de pr\u00e9voyance, de solidarit\u00e9 et d\u2019entraide en faveur de ses adh\u00e9rents et de leurs ayant-droits.<\/p>\n<p>Maillon essentiel du syst\u00e8me mutualiste marocain, de par sa population d\u2019adh\u00e9rents au nombre de plus de 430.000 et leurs ayant-droits ayant franchi la barre des 1,5 million, la MGPAP est g\u00e9r\u00e9e par un conseil d\u2019administration constitu\u00e9 de 33 membres \u00e9lus par bulletins secrets \u00e0 l\u2019Assembl\u00e9e g\u00e9n\u00e9rale. Les membres du conseil d\u2019administration sont \u00e9lus pour un mandat de 6 ans, et sont renouvel\u00e9s par tiers tous les deux ans.<\/p>\n<\/div>\n<p>Auteur: APA News<br \/>\n<a href=\"https:\/\/www.journalducameroun.com\/maroc-le-president-de-la-mgpap-designe-vice-president-de-la-commission-technique-de-la-mutualite-de-laiss\/\">Cliquez ici pour lire l&rsquo;article depuis sa source.<\/a><\/p>\n","protected":false},"excerpt":{"rendered":"<p>Publi\u00e9 le 12.06.2021 \u00e0 13h18 par APA News Le Pr\u00e9sident du Conseil d\u2019Administration de la Mutuelle g\u00e9n\u00e9rale du Personnel des Administrations Publiques (MGPAP) \u2013 Maroc, Moulay Brahim El Othmani vient d\u2019\u00eatre d\u00e9sign\u00e9 vice-pr\u00e9sident de la Commission Technique de la Mutualit\u00e9 relevant de l\u2019Association Internationale de la S\u00e9curit\u00e9 Sociale (AISS).Il succ\u00e8de ainsi dans cette fonction \u00e0 [&hellip;]<\/p>\n","protected":false},"author":1965,"featured_media":0,"comment_status":"closed","ping_status":"closed","sticky":false,"template":"","format":"standard","meta":{"fifu_image_url":"","fifu_image_alt":"","footnotes":""},"categories":[73,82],"tags":[],"class_list":["post-118493","post","type-post","status-publish","format-standard","hentry","category-actualite","category-cameroun"],"_links":{"self":[{"href":"https:\/\/linitiative.ca\/International\/wp-json\/wp\/v2\/posts\/118493","targetHints":{"allow":["GET"]}}],"collection":[{"href":"https:\/\/linitiative.ca\/International\/wp-json\/wp\/v2\/posts"}],"about":[{"href":"https:\/\/linitiative.ca\/International\/wp-json\/wp\/v2\/types\/post"}],"author":[{"embeddable":true,"href":"https:\/\/linitiative.ca\/International\/wp-json\/wp\/v2\/users\/1965"}],"replies":[{"embeddable":true,"href":"https:\/\/linitiative.ca\/International\/wp-json\/wp\/v2\/comments?post=118493"}],"version-history":[{"count":0,"href":"https:\/\/linitiative.ca\/International\/wp-json\/wp\/v2\/posts\/118493\/revisions"}],"wp:attachment":[{"href":"https:\/\/linitiative.ca\/International\/wp-json\/wp\/v2\/media?parent=118493"}],"wp:term":[{"taxonomy":"category","embeddable":true,"href":"https:\/\/linitiative.ca\/International\/wp-json\/wp\/v2\/categories?post=118493"},{"taxonomy":"post_tag","embeddable":true,"href":"https:\/\/linitiative.ca\/International\/wp-json\/wp\/v2\/tags?post=118493"}],"curies":[{"name":"wp","href":"https:\/\/api.w.org\/{rel}","templated":true}]}}