{"id":118494,"date":"2021-06-12T16:18:02","date_gmt":"2021-06-12T20:18:02","guid":{"rendered":"https:\/\/linitiative.ca\/International\/le-hadj-2021-reserve-strictement-aux-saoudiens-et-aux-residents-du-royaume\/"},"modified":"2021-06-12T16:18:02","modified_gmt":"2021-06-12T20:18:02","slug":"le-hadj-2021-reserve-strictement-aux-saoudiens-et-aux-residents-du-royaume","status":"publish","type":"post","link":"https:\/\/linitiative.ca\/International\/le-hadj-2021-reserve-strictement-aux-saoudiens-et-aux-residents-du-royaume\/","title":{"rendered":"Le hadj 2021 r\u00e9serv\u00e9 strictement aux  saoudiens et aux r\u00e9sidents du Royaume"},"content":{"rendered":"<div readability=\"32\">\n<p>Publi\u00e9 le 12.06.2021 \u00e0 21h18 par APA News<\/p>\n<\/div>\n<div readability=\"39\">\n<p>Le p\u00e8lerinage \u00e0 la Mecque (hadj) 2021 correspondant \u00e0 l\u2019an 1442 de l\u2019h\u00e9gire) est r\u00e9serv\u00e9 strictement aux citoyens saoudiens et aux r\u00e9sidents \u00e0 l\u2019int\u00e9rieur du Royaume de l\u2019Arabie Saoudite avec un total de 60 000 p\u00e8lerins.<\/p>\n<p>Selon une d\u00e9cision du minist\u00e8re saoudien du hadj et de la oumra rapport\u00e9e samedi par l\u2019ambassade du Royaume de l\u2019Arabie Saoudite pr\u00e8s de la R\u00e9publique de C\u00f4te d\u2019Ivoire, \u00ab cette restriction est due \u00e0 l\u2019\u00e9volution continue de la pand\u00e9mie \u00e0 Coronavirus (\u2026) \u00bb.<\/p>\n<\/div>\n<p>Auteur: APA News<br \/>\n<a href=\"https:\/\/www.journalducameroun.com\/le-hadj-2021-reserve-strictement-aux-saoudiens-et-aux-residents-du-royaume\/\">Cliquez ici pour lire l&rsquo;article depuis sa source.<\/a><\/p>\n","protected":false},"excerpt":{"rendered":"<p>Publi\u00e9 le 12.06.2021 \u00e0 21h18 par APA News Le p\u00e8lerinage \u00e0 la Mecque (hadj) 2021 correspondant \u00e0 l\u2019an 1442 de l\u2019h\u00e9gire) est r\u00e9serv\u00e9 strictement aux citoyens saoudiens et aux r\u00e9sidents \u00e0 l\u2019int\u00e9rieur du Royaume de l\u2019Arabie Saoudite avec un total de 60 000 p\u00e8lerins. Selon une d\u00e9cision du minist\u00e8re saoudien du hadj et de la [&hellip;]<\/p>\n","protected":false},"author":1965,"featured_media":0,"comment_status":"closed","ping_status":"closed","sticky":false,"template":"","format":"standard","meta":{"fifu_image_url":"","fifu_image_alt":"","footnotes":""},"categories":[73,82],"tags":[],"class_list":["post-118494","post","type-post","status-publish","format-standard","hentry","category-actualite","category-cameroun"],"_links":{"self":[{"href":"https:\/\/linitiative.ca\/International\/wp-json\/wp\/v2\/posts\/118494","targetHints":{"allow":["GET"]}}],"collection":[{"href":"https:\/\/linitiative.ca\/International\/wp-json\/wp\/v2\/posts"}],"about":[{"href":"https:\/\/linitiative.ca\/International\/wp-json\/wp\/v2\/types\/post"}],"author":[{"embeddable":true,"href":"https:\/\/linitiative.ca\/International\/wp-json\/wp\/v2\/users\/1965"}],"replies":[{"embeddable":true,"href":"https:\/\/linitiative.ca\/International\/wp-json\/wp\/v2\/comments?post=118494"}],"version-history":[{"count":0,"href":"https:\/\/linitiative.ca\/International\/wp-json\/wp\/v2\/posts\/118494\/revisions"}],"wp:attachment":[{"href":"https:\/\/linitiative.ca\/International\/wp-json\/wp\/v2\/media?parent=118494"}],"wp:term":[{"taxonomy":"category","embeddable":true,"href":"https:\/\/linitiative.ca\/International\/wp-json\/wp\/v2\/categories?post=118494"},{"taxonomy":"post_tag","embeddable":true,"href":"https:\/\/linitiative.ca\/International\/wp-json\/wp\/v2\/tags?post=118494"}],"curies":[{"name":"wp","href":"https:\/\/api.w.org\/{rel}","templated":true}]}}