{"id":118495,"date":"2021-06-12T17:18:02","date_gmt":"2021-06-12T21:18:02","guid":{"rendered":"https:\/\/linitiative.ca\/International\/ousmane-diakite-investi-guide-de-la-communaute-musulmane-ivoirienne\/"},"modified":"2021-06-12T17:18:02","modified_gmt":"2021-06-12T21:18:02","slug":"ousmane-diakite-investi-guide-de-la-communaute-musulmane-ivoirienne","status":"publish","type":"post","link":"https:\/\/linitiative.ca\/International\/ousmane-diakite-investi-guide-de-la-communaute-musulmane-ivoirienne\/","title":{"rendered":"Ousmane Diakit\u00e9 investi guide de la communaut\u00e9 musulmane ivoirienne"},"content":{"rendered":"<div readability=\"32\">\n<p>Publi\u00e9 le 12.06.2021 \u00e0 22h18 par APA News<\/p>\n<\/div>\n<div readability=\"103\">\n<p>L\u2019Imam Ousmane Diakit\u00e9 a \u00e9t\u00e9 investi officiellement samedi, \u00e0 Abidjan, en qualit\u00e9 de pr\u00e9sident du Conseil sup\u00e9rieur des Imams, des mosqu\u00e9es et des affaires islamiques de C\u00f4te d\u2019Ivoire (Cosim).<\/p>\n<p>\u00ab\u00a0Je jure devant Allah et la 2e Conf\u00e9rence extraordinaire du Cosim tenue ce jour d\u2019ex\u00e9cuter ma mission avec d\u00e9votion, abn\u00e9gation, courage et responsabilit\u00e9\u00a0\u00bb, a d\u00e9clar\u00e9 l\u2019Imam Ousmane Diakit\u00e9.\u00a0<\/p>\n<p>Le Cheick A\u00efma Ousmane Diakit\u00e9 qui succ\u00e8de \u00e0 Mamadou Traor\u00e9, d\u00e9c\u00e9d\u00e9 le 13 avril 2021, s\u2019est engag\u00e9 \u00e0 \u00ab\u00a0agir en toute circonstance\u00a0\u00bb en se \u00ab\u00a0conformant aux prescriptions du coran et de la Sunna du Proph\u00e8te Mouhamad (Paix et Salut sur Lui\u00a0\u00bb. \u00a0<\/p>\n<p>\u00ab\u00a0J\u2019ex\u00e9cuterais fid\u00e8lement et consciencieusement les d\u00e9cisions prises par le Cosim\u00a0\u00bb, a-t-il ajout\u00e9, invitant ses collaborateurs \u00e0 l\u2019aider \u00e0 accomplir avec d\u00e9f\u00e9rence sa mission.\u00a0<\/p>\n<p>Le ministre ivoirien de l\u2019Int\u00e9rieur et de la s\u00e9curit\u00e9, Vagondo Diomand\u00e9, a au nom du chef de l\u2019Etat, repr\u00e9sent\u00e9 par le ministre d\u2019Etat, ministre de la D\u00e9fense, Ten\u00e9 Birahima Ouattara, f\u00e9licit\u00e9 le Cheick A\u00efma Ousmane Diakit\u00e9.<\/p>\n<p>Il a ensuite traduit les v\u0153ux de succ\u00e8s du chef de l\u2019Etat \u00e0 sa mission, tout en insinuant que son investiture intervient dans un contexte marqu\u00e9 par des attaques r\u00e9p\u00e9t\u00e9es de groupes terroristes contre les forces arm\u00e9es ivoiriennes.<\/p>\n<p>\u00ab\u00a0Ces terroristes disent agir pour une certaine id\u00e9ologie soit disant islamique, mais nous savons tous qu\u2019il n\u2019existe aucun fondement coranique d\u2019id\u00e9ologie de haine et de mort\u00a0\u00bb, a-t-il soutenu. \u00a0<\/p>\n<p>L\u2019ignorance de certains jeunes donne un terreau fertile aux actes terroristes, et \u00ab\u00a0le chef de l\u2019Etat veut compter sur vous pour que tous les imams et les pr\u00e9dicateurs participent activement \u00e0 l\u2019\u00e9ducation et \u00e0 la sensibilisation pour un islam de paix en C\u00f4te d\u2019Ivoire\u00a0\u00bb, a-t-il poursuivi.\u00a0<\/p>\n<p>L\u2019Imam Ousmane Diakit\u00e9, pr\u00e9c\u00e9demment secr\u00e9taire ex\u00e9cutif du Cosim, a \u00e9t\u00e9 d\u00e9sign\u00e9 en avril pr\u00e9sident de l\u2019organisation et guide de la communaut\u00e9 musulmane nationale, \u00e0 l\u2019issue d\u2019une r\u00e9union du Coll\u00e8ge de transition, compos\u00e9 de sept \u00e9minentes personnalit\u00e9s du Cosim.<\/p>\n<p>N\u00e9 le 1er janvier 1956, l\u2019Imam Ousmane Diakit\u00e9 est dipl\u00f4m\u00e9 d\u2019une ma\u00eetrise en droit public option administration int\u00e9rieure obtenue de 1979 \u00e0 1983 \u00e0 l\u2019Universit\u00e9 Mohamed V de Rabat au Maroc, \u00e0 la facult\u00e9 de droit et sciences politiques.<\/p>\n<p>L\u2019Imam Ousmane Diakit\u00e9 a \u00e9t\u00e9 d\u00e9sign\u00e9 en 2007 Secr\u00e9taire ex\u00e9cutif du Bureau National du Conseil Sup\u00e9rieur des Imams, des mosqu\u00e9es et des affaires islamiques en C\u00f4te d\u2019Ivoire (COSIM), avant d\u2019\u00eatre port\u00e9 \u00e0 la t\u00e8te de l\u2019organisation.\u00a0<\/p>\n<\/div>\n<p>Auteur: APA News<br \/>\n<a href=\"https:\/\/www.journalducameroun.com\/ousmane-diakite-investi-guide-de-la-communaute-musulmane-ivoirienne\/\">Cliquez ici pour lire l&rsquo;article depuis sa source.<\/a><\/p>\n","protected":false},"excerpt":{"rendered":"<p>Publi\u00e9 le 12.06.2021 \u00e0 22h18 par APA News L\u2019Imam Ousmane Diakit\u00e9 a \u00e9t\u00e9 investi officiellement samedi, \u00e0 Abidjan, en qualit\u00e9 de pr\u00e9sident du Conseil sup\u00e9rieur des Imams, des mosqu\u00e9es et des affaires islamiques de C\u00f4te d\u2019Ivoire (Cosim). \u00ab\u00a0Je jure devant Allah et la 2e Conf\u00e9rence extraordinaire du Cosim tenue ce jour d\u2019ex\u00e9cuter ma mission avec [&hellip;]<\/p>\n","protected":false},"author":1965,"featured_media":0,"comment_status":"closed","ping_status":"closed","sticky":false,"template":"","format":"standard","meta":{"fifu_image_url":"","fifu_image_alt":"","footnotes":""},"categories":[73,82],"tags":[],"class_list":["post-118495","post","type-post","status-publish","format-standard","hentry","category-actualite","category-cameroun"],"_links":{"self":[{"href":"https:\/\/linitiative.ca\/International\/wp-json\/wp\/v2\/posts\/118495","targetHints":{"allow":["GET"]}}],"collection":[{"href":"https:\/\/linitiative.ca\/International\/wp-json\/wp\/v2\/posts"}],"about":[{"href":"https:\/\/linitiative.ca\/International\/wp-json\/wp\/v2\/types\/post"}],"author":[{"embeddable":true,"href":"https:\/\/linitiative.ca\/International\/wp-json\/wp\/v2\/users\/1965"}],"replies":[{"embeddable":true,"href":"https:\/\/linitiative.ca\/International\/wp-json\/wp\/v2\/comments?post=118495"}],"version-history":[{"count":0,"href":"https:\/\/linitiative.ca\/International\/wp-json\/wp\/v2\/posts\/118495\/revisions"}],"wp:attachment":[{"href":"https:\/\/linitiative.ca\/International\/wp-json\/wp\/v2\/media?parent=118495"}],"wp:term":[{"taxonomy":"category","embeddable":true,"href":"https:\/\/linitiative.ca\/International\/wp-json\/wp\/v2\/categories?post=118495"},{"taxonomy":"post_tag","embeddable":true,"href":"https:\/\/linitiative.ca\/International\/wp-json\/wp\/v2\/tags?post=118495"}],"curies":[{"name":"wp","href":"https:\/\/api.w.org\/{rel}","templated":true}]}}