{"id":118496,"date":"2021-06-12T17:18:02","date_gmt":"2021-06-12T21:18:02","guid":{"rendered":"https:\/\/linitiative.ca\/International\/football-les-elephants-et-les-blaks-stars-se-neutralisent-en-match-amical\/"},"modified":"2021-06-12T17:18:02","modified_gmt":"2021-06-12T21:18:02","slug":"football-les-elephants-et-les-blaks-stars-se-neutralisent-en-match-amical","status":"publish","type":"post","link":"https:\/\/linitiative.ca\/International\/football-les-elephants-et-les-blaks-stars-se-neutralisent-en-match-amical\/","title":{"rendered":"Football : les El\u00e9phants et les Blaks Stars se neutralisent en match amical"},"content":{"rendered":"<div readability=\"32\">\n<p>Publi\u00e9 le 12.06.2021 \u00e0 22h18 par APA News<\/p>\n<\/div>\n<div readability=\"43\">\n<p>Les El\u00e9phants de C\u00f4te d\u2019Ivoire et leurs homologues des Blaks Stars du Ghana se sont neutralis\u00e9s (0-0), samedi soir, en match amical international disput\u00e9 \u00e0 Cape Coast.<\/p>\n<p>Victorieux des Etalons du Burkina Faso (2-1) le samedi 05 juin dernier au stade olympique Alassane Ouattara d\u2019Ebimp\u00e9 dans un match amical international similaire, les poulains du coach Patrice Beaumelle n\u2019ont pu r\u00e9ussir l\u2019exploit ce soir au Ghana.<\/p>\n<p>Ces matchs amicaux s\u2019inscrivent dans le cadre des pr\u00e9paratifs des \u00e9liminatoires de la Coupe d\u2019Afrique des Nations (CAN 2022) au Cameroun et de la Coupe du monde de 2022 pr\u00e9vue au Qatar.<\/p>\n<\/div>\n<p>Auteur: APA News<br \/>\n<a href=\"https:\/\/www.journalducameroun.com\/football-les-elephants-et-les-blaks-stars-se-neutralisent-en-match-amical\/\">Cliquez ici pour lire l&rsquo;article depuis sa source.<\/a><\/p>\n","protected":false},"excerpt":{"rendered":"<p>Publi\u00e9 le 12.06.2021 \u00e0 22h18 par APA News Les El\u00e9phants de C\u00f4te d\u2019Ivoire et leurs homologues des Blaks Stars du Ghana se sont neutralis\u00e9s (0-0), samedi soir, en match amical international disput\u00e9 \u00e0 Cape Coast. Victorieux des Etalons du Burkina Faso (2-1) le samedi 05 juin dernier au stade olympique Alassane Ouattara d\u2019Ebimp\u00e9 dans un [&hellip;]<\/p>\n","protected":false},"author":1965,"featured_media":0,"comment_status":"closed","ping_status":"closed","sticky":false,"template":"","format":"standard","meta":{"fifu_image_url":"","fifu_image_alt":"","footnotes":""},"categories":[73,82],"tags":[],"class_list":["post-118496","post","type-post","status-publish","format-standard","hentry","category-actualite","category-cameroun"],"_links":{"self":[{"href":"https:\/\/linitiative.ca\/International\/wp-json\/wp\/v2\/posts\/118496","targetHints":{"allow":["GET"]}}],"collection":[{"href":"https:\/\/linitiative.ca\/International\/wp-json\/wp\/v2\/posts"}],"about":[{"href":"https:\/\/linitiative.ca\/International\/wp-json\/wp\/v2\/types\/post"}],"author":[{"embeddable":true,"href":"https:\/\/linitiative.ca\/International\/wp-json\/wp\/v2\/users\/1965"}],"replies":[{"embeddable":true,"href":"https:\/\/linitiative.ca\/International\/wp-json\/wp\/v2\/comments?post=118496"}],"version-history":[{"count":0,"href":"https:\/\/linitiative.ca\/International\/wp-json\/wp\/v2\/posts\/118496\/revisions"}],"wp:attachment":[{"href":"https:\/\/linitiative.ca\/International\/wp-json\/wp\/v2\/media?parent=118496"}],"wp:term":[{"taxonomy":"category","embeddable":true,"href":"https:\/\/linitiative.ca\/International\/wp-json\/wp\/v2\/categories?post=118496"},{"taxonomy":"post_tag","embeddable":true,"href":"https:\/\/linitiative.ca\/International\/wp-json\/wp\/v2\/tags?post=118496"}],"curies":[{"name":"wp","href":"https:\/\/api.w.org\/{rel}","templated":true}]}}