{"id":118502,"date":"2021-06-13T12:24:00","date_gmt":"2021-06-13T16:24:00","guid":{"rendered":"https:\/\/linitiative.ca\/International\/retrait-daccreditation-a-la-chaine-tv-france-24-en-algerie\/"},"modified":"2021-06-13T12:24:00","modified_gmt":"2021-06-13T16:24:00","slug":"retrait-daccreditation-a-la-chaine-tv-france-24-en-algerie","status":"publish","type":"post","link":"https:\/\/linitiative.ca\/International\/retrait-daccreditation-a-la-chaine-tv-france-24-en-algerie\/","title":{"rendered":"Retrait d&rsquo;accr\u00e9ditation \u00e0 la chaine TV France 24 en Alg\u00e9rie"},"content":{"rendered":"<div id=\"originalText\" readability=\"43\">\n<p>Le minist\u00e8re de la communication a proc\u00e9d\u00e9, ce dimanche, au retrait de l&rsquo;accr\u00e9ditation octroy\u00e9e \u00e0 la\u00a0 la cha\u00eene\u00a0 de t\u00e9l\u00e9vision \u00a0fran\u00e7aise \u00ab\u00a0France24\u00a0\u00bb pour exercer en Alg\u00e9rie, a rapport\u00e9 \u00a0l&rsquo;APS, citant le ministre de la communication, porte-parole du Gouvernement, Ammar Belhimer.<\/p>\n<p>Le ministre a affirm\u00e9 \u00e0 la m\u00eame source que \u00ab\u00a0ce retrait est motiv\u00e9 par l&rsquo;hostilit\u00e9 manifeste et r\u00e9p\u00e9t\u00e9e (de France 24 ndlr) contre notre pays et ses institutions\u00a0\u00bb.<\/p>\n<p class=\"c6\"><strong>R\u00e9daction Web\u00a0<\/strong><\/p>\n<\/div>\n<div id=\"text_core\" readability=\"43\">\n<p>Le minist\u00e8re de la communication a proc\u00e9d\u00e9, ce dimanche, au retrait de l&rsquo;accr\u00e9ditation octroy\u00e9e \u00e0 la\u00a0 la cha\u00eene\u00a0 de t\u00e9l\u00e9vision \u00a0fran\u00e7aise \u00ab\u00a0France24\u00a0\u00bb pour exercer en Alg\u00e9rie, a rapport\u00e9 \u00a0l&rsquo;APS, citant le ministre de la communication, porte-parole du Gouvernement, Ammar Belhimer.<\/p>\n<p>Le ministre a affirm\u00e9 \u00e0 la m\u00eame source que \u00ab\u00a0ce retrait est motiv\u00e9 par l&rsquo;hostilit\u00e9 manifeste et r\u00e9p\u00e9t\u00e9e (de France 24 ndlr) contre notre pays et ses institutions\u00a0\u00bb.<\/p>\n<p class=\"c6\"><strong>R\u00e9daction Web\u00a0<\/strong><\/p>\n<\/div>\n<p>Auteur:<br \/>\n<a href=\"https:\/\/www.liberte-algerie.com\/actualite\/retrait-daccreditation-a-la-chaine-tv-france-24-en-algerie-360270\">Cliquez ici pour lire l&rsquo;article depuis sa source.<\/a><\/p>\n","protected":false},"excerpt":{"rendered":"<p>Le minist\u00e8re de la communication a proc\u00e9d\u00e9, ce dimanche, au retrait de l&rsquo;accr\u00e9ditation octroy\u00e9e \u00e0 la\u00a0 la cha\u00eene\u00a0 de t\u00e9l\u00e9vision \u00a0fran\u00e7aise \u00ab\u00a0France24\u00a0\u00bb pour exercer en Alg\u00e9rie, a rapport\u00e9 \u00a0l&rsquo;APS, citant le ministre de la communication, porte-parole du Gouvernement, Ammar Belhimer. Le ministre a affirm\u00e9 \u00e0 la m\u00eame source que \u00ab\u00a0ce retrait est motiv\u00e9 par l&rsquo;hostilit\u00e9 [&hellip;]<\/p>\n","protected":false},"author":1742,"featured_media":0,"comment_status":"closed","ping_status":"closed","sticky":false,"template":"","format":"standard","meta":{"fifu_image_url":"","fifu_image_alt":"","footnotes":""},"categories":[73,53],"tags":[],"class_list":["post-118502","post","type-post","status-publish","format-standard","hentry","category-actualite","category-algerie"],"_links":{"self":[{"href":"https:\/\/linitiative.ca\/International\/wp-json\/wp\/v2\/posts\/118502","targetHints":{"allow":["GET"]}}],"collection":[{"href":"https:\/\/linitiative.ca\/International\/wp-json\/wp\/v2\/posts"}],"about":[{"href":"https:\/\/linitiative.ca\/International\/wp-json\/wp\/v2\/types\/post"}],"author":[{"embeddable":true,"href":"https:\/\/linitiative.ca\/International\/wp-json\/wp\/v2\/users\/1742"}],"replies":[{"embeddable":true,"href":"https:\/\/linitiative.ca\/International\/wp-json\/wp\/v2\/comments?post=118502"}],"version-history":[{"count":0,"href":"https:\/\/linitiative.ca\/International\/wp-json\/wp\/v2\/posts\/118502\/revisions"}],"wp:attachment":[{"href":"https:\/\/linitiative.ca\/International\/wp-json\/wp\/v2\/media?parent=118502"}],"wp:term":[{"taxonomy":"category","embeddable":true,"href":"https:\/\/linitiative.ca\/International\/wp-json\/wp\/v2\/categories?post=118502"},{"taxonomy":"post_tag","embeddable":true,"href":"https:\/\/linitiative.ca\/International\/wp-json\/wp\/v2\/tags?post=118502"}],"curies":[{"name":"wp","href":"https:\/\/api.w.org\/{rel}","templated":true}]}}