{"id":118503,"date":"2021-06-13T09:00:55","date_gmt":"2021-06-13T13:00:55","guid":{"rendered":"https:\/\/linitiative.ca\/International\/justice-des-mineurs-appel-a-ameliorer-la-qualite-des-plaidoiries\/"},"modified":"2021-06-13T09:00:55","modified_gmt":"2021-06-13T13:00:55","slug":"justice-des-mineurs-appel-a-ameliorer-la-qualite-des-plaidoiries","status":"publish","type":"post","link":"https:\/\/linitiative.ca\/International\/justice-des-mineurs-appel-a-ameliorer-la-qualite-des-plaidoiries\/","title":{"rendered":"Justice des mineurs: Appel \u00e0 am\u00e9liorer la qualit\u00e9 des plaidoiries"},"content":{"rendered":"<div readability=\"38\">\n<p>Marrakech \u2013 Les participants \u00e0 un colloque organis\u00e9, samedi \u00e0 Marrakech, ont appel\u00e9 \u00e0 l\u2019am\u00e9lioration de la qualit\u00e9 des plaidoiries dans les affaires de la justice des mineurs et ce, dans le cadre d\u2019une approche participative avec les autres professionnels qui contribuent \u00e0 la prise de d\u00e9cision judiciaire inh\u00e9rente aux affaires de cette cat\u00e9gorie.<\/p>\n<\/div>\n<div readability=\"115\">\n<p>Au cours de cette rencontre, initi\u00e9e sous le th\u00e8me \u00ab\u00a0L\u2019Enfant en conflit avec la Loi : Enfance victime ou Enfance coupable ?\u00a0\u00bb, les intervenants ont soulign\u00e9 l\u2019importance de la recherche des solutions les plus efficaces pour la mise \u00e0 niveau de la justice des mineurs, ce qui n\u00e9cessite un diagnostic de l\u2019\u00e9tat des lieux afin de d\u00e9terminer les dysfonctionnements et les d\u00e9faillances de la performance professionnelle, ainsi que les moyens \u00e0 m\u00eame de permettre d\u2019am\u00e9liorer la qualit\u00e9 des plaidoiries dans les affaires des mineurs.<\/p>\n<p>Dans ce sillage, Me Mohamed Karam, professeur \u00e0 la facult\u00e9 de droit de Marrakech et avocat au barreau de la cit\u00e9 ocre, a pass\u00e9 en revue la chronologie des chartes et conventions internationales relatives aux droits de l\u2019enfance, avec un focus sur les garanties qu\u2019elles offrent au mineur d\u00e9f\u00e9r\u00e9 devant la justice, notant que le l\u00e9gislateur marocain a proc\u00e9d\u00e9 \u00e0 l\u2019actualisation des lois nationales conform\u00e9ment aux engagements internationaux tel que stipul\u00e9 dans le pr\u00e9ambule de la Constitution de 2011.<\/p>\n<p>De son c\u00f4t\u00e9, Mme Fatima Achhab, avocate au Barreau de Marrakech, s\u2019est attard\u00e9e sur la sanction de l\u2019enfant d\u00e9linquant, tout en s\u2019interrogeant si l\u2019\u00e9tablissement p\u00e9nitentiaire peut se substituer aux institutions \u00e0 vocation \u00e9ducative, comme la famille, l\u2019\u00e9cole et les maisons de jeunes.<\/p>\n<p>Elle a, dans la foul\u00e9e, insist\u00e9 sur l\u2019importance de renforcer la r\u00e9conciliation au sein de la justice familiale, en particulier en cas de divorce, mettant en relief la dimension sociale dans le domaine de la justice p\u00e9nale.<\/p>\n<p>Pour sa part, Me Moulay Houssein Raji, avocat au barreau de Marrakech, s\u2019est arr\u00eat\u00e9 sur le r\u00f4le de l\u2019avocat dans la justice des mineurs, qui commence d\u00e8s l\u2019arrestation du mineur par les \u00e9l\u00e9ments de la police jusqu\u2019\u00e0 la fin de la proc\u00e9dure, soulevant l\u2019existence de plusieurs contraintes qui entravent la mise en \u0153uvre de ce principe.<\/p>\n<p>Quant \u00e0 Me Moulay Rachid Ghorfi, du m\u00eame Barreau, il a abord\u00e9 le r\u00f4le de l\u2019avocat dans la protection des mineurs, relevant le manque de r\u00e9f\u00e9rentiels et de preuves \u00e0 m\u00eame de soutenir l\u2019avocat dans ses plaidoiries au sujet des affaires des mineurs.<\/p>\n<p>Il a mis l\u2019accent sur la n\u00e9cessit\u00e9 du r\u00e9seautage entre les barreaux en tant que force de pression et de plaidoyer pour r\u00e9pondre aux probl\u00e9matiques pos\u00e9es par la justice des mineurs.<\/p>\n<p>Initi\u00e9e par la Fondation Mohammed VI pour la R\u00e9insertion des D\u00e9tenus, en partenariat avec l\u2019Ordre des avocats de Marrakech et l\u2019appui de l\u2019UNICEF, ce colloque qui intervient dans le cadre de la c\u00e9l\u00e9bration de la Journ\u00e9e Nationale de l\u2019Enfant (25 mai), vise \u00e0 enrichir le d\u00e9bat, \u00e0 favoriser l\u2019\u00e9change des exp\u00e9riences pionni\u00e8res et des bonnes pratiques et \u00e0 d\u00e9finir les d\u00e9faillances et les lacunes afin d\u2019y rem\u00e9dier.<\/p>\n<p>La cl\u00f4ture de cette rencontre a \u00e9t\u00e9 marqu\u00e9e par la tenue des finales de la premi\u00e8re \u00e9dition du Concours R\u00e9gional de l\u2019Art de Plaidoirie en mati\u00e8re de Justice des mineurs.<\/p>\n<p>Premi\u00e8re initiative du genre organis\u00e9e au Maroc, avec l\u2019appui de l\u2019UNICEF et de l\u2019initiative de la Fondation Mohammed VI pour la R\u00e9insertion des D\u00e9tenus, le concours portait sur des pr\u00e9sentations simul\u00e9es des meilleures plaidoiries retenues suite \u00e0 la pr\u00e9s\u00e9lection parmi plus de 15 avocats-stagiaires participants audit concours.<\/p>\n<p>A l\u2019issue de ce concours, les trois meilleures Plaidoiries s\u00e9lectionn\u00e9es par un Jury compos\u00e9 des repr\u00e9sentants de l\u2019Ordre des Avocats de Marrakech, du Pouvoir judicaire, du Minist\u00e8re Public et de la Fondation Mohammed VI pour la R\u00e9insertion des D\u00e9tenues, ont ainsi \u00e9t\u00e9 prim\u00e9es.<\/p>\n<\/div>\n<p>Auteur: Meriem IGASS<br \/>\n<a href=\"http:\/\/www.mapmarrakech.ma\/fr\/justice-des-mineurs-appel-a-ameliorer-la-qualite-des-plaidoiries\/\">Cliquez ici pour lire l&rsquo;article depuis sa source.<\/a><\/p>\n","protected":false},"excerpt":{"rendered":"<p>Marrakech \u2013 Les participants \u00e0 un colloque organis\u00e9, samedi \u00e0 Marrakech, ont appel\u00e9 \u00e0 l\u2019am\u00e9lioration de la qualit\u00e9 des plaidoiries dans les affaires de la justice des mineurs et ce, dans le cadre d\u2019une approche participative avec les autres professionnels qui contribuent \u00e0 la prise de d\u00e9cision judiciaire inh\u00e9rente aux affaires de cette cat\u00e9gorie. Au [&hellip;]<\/p>\n","protected":false},"author":1788,"featured_media":0,"comment_status":"closed","ping_status":"closed","sticky":false,"template":"","format":"standard","meta":{"fifu_image_url":"","fifu_image_alt":"","footnotes":""},"categories":[54,76],"tags":[],"class_list":["post-118503","post","type-post","status-publish","format-standard","hentry","category-maroc","category-regions"],"_links":{"self":[{"href":"https:\/\/linitiative.ca\/International\/wp-json\/wp\/v2\/posts\/118503","targetHints":{"allow":["GET"]}}],"collection":[{"href":"https:\/\/linitiative.ca\/International\/wp-json\/wp\/v2\/posts"}],"about":[{"href":"https:\/\/linitiative.ca\/International\/wp-json\/wp\/v2\/types\/post"}],"author":[{"embeddable":true,"href":"https:\/\/linitiative.ca\/International\/wp-json\/wp\/v2\/users\/1788"}],"replies":[{"embeddable":true,"href":"https:\/\/linitiative.ca\/International\/wp-json\/wp\/v2\/comments?post=118503"}],"version-history":[{"count":0,"href":"https:\/\/linitiative.ca\/International\/wp-json\/wp\/v2\/posts\/118503\/revisions"}],"wp:attachment":[{"href":"https:\/\/linitiative.ca\/International\/wp-json\/wp\/v2\/media?parent=118503"}],"wp:term":[{"taxonomy":"category","embeddable":true,"href":"https:\/\/linitiative.ca\/International\/wp-json\/wp\/v2\/categories?post=118503"},{"taxonomy":"post_tag","embeddable":true,"href":"https:\/\/linitiative.ca\/International\/wp-json\/wp\/v2\/tags?post=118503"}],"curies":[{"name":"wp","href":"https:\/\/api.w.org\/{rel}","templated":true}]}}