{"id":118511,"date":"2021-06-13T15:14:11","date_gmt":"2021-06-13T19:14:11","guid":{"rendered":"https:\/\/linitiative.ca\/International\/international-real-madrid-sergio-ramos-contacte-par-un-club-italien\/"},"modified":"2021-06-13T15:14:11","modified_gmt":"2021-06-13T19:14:11","slug":"international-real-madrid-sergio-ramos-contacte-par-un-club-italien","status":"publish","type":"post","link":"https:\/\/linitiative.ca\/International\/international-real-madrid-sergio-ramos-contacte-par-un-club-italien\/","title":{"rendered":"International : Real Madrid : Sergio Ramos contact\u00e9 par un club italien"},"content":{"rendered":"<div readability=\"32\">\n<p>Auteur : <span class=\"time\">dimanche 13 juin 2021 14:30<\/span><\/p>\n<\/div>\n<div id=\"post_core\" readability=\"43\">\n<p>En fin de contrat dans deux semaines, l\u2019international espagnol ne sait toujours pas de quoi sera fait son avenir.<\/p>\n<p>Ce dernier qui souhaite un nouveau bail deux ans aurait une touche en Italie. Selon Les-Transferts et Il Tempo, il serait dans le viseur de l\u2019AS Roma. L\u2019entra\u00eeneur du club de la Louve, Jos\u00e9 Mourinho aurait contact\u00e9 directement le Madril\u00e8ne pour lui pr\u00e9senter son nouveau projet en Italie. Le joueur de 35 ans aurait confi\u00e9 qu\u2019il prendrait une d\u00e9cision la semaine prochaine.<\/p>\n<p><strong>Publi\u00e9 dans :<\/strong> <span>Real Madrid : Sergio Ramos<\/span><\/p>\n<\/div>\n<p>Auteur:<br \/>\n<a href=\"http:\/\/www.lebuteur.com\/article\/detail?titre=real-madrid-sergio-ramos-contacte-par-un-club-italien&#038;id=100359&#038;utm_source=feedburner&#038;utm_medium=feed&#038;utm_campaign=Feed%3A+GalerieFArtciles+%28Les+derniers+articles++-+lebuteur.com%29\">Cliquez ici pour lire l&rsquo;article depuis sa source.<\/a><\/p>\n","protected":false},"excerpt":{"rendered":"<p>Auteur : dimanche 13 juin 2021 14:30 En fin de contrat dans deux semaines, l\u2019international espagnol ne sait toujours pas de quoi sera fait son avenir. Ce dernier qui souhaite un nouveau bail deux ans aurait une touche en Italie. Selon Les-Transferts et Il Tempo, il serait dans le viseur de l\u2019AS Roma. L\u2019entra\u00eeneur du [&hellip;]<\/p>\n","protected":false},"author":1738,"featured_media":0,"comment_status":"closed","ping_status":"closed","sticky":false,"template":"","format":"standard","meta":{"fifu_image_url":"\/\/cdn.lebuteur.com\/data\/images\/article\/thumbs\/large-100359real-madrid-sergio-ramos-contacte-par-un-club-italien-8bca1.jpg","fifu_image_alt":"International : Real Madrid : Sergio Ramos contact\u00e9 par un club italien","footnotes":""},"categories":[53,75],"tags":[],"class_list":["post-118511","post","type-post","status-publish","format-standard","hentry","category-algerie","category-sport"],"_links":{"self":[{"href":"https:\/\/linitiative.ca\/International\/wp-json\/wp\/v2\/posts\/118511","targetHints":{"allow":["GET"]}}],"collection":[{"href":"https:\/\/linitiative.ca\/International\/wp-json\/wp\/v2\/posts"}],"about":[{"href":"https:\/\/linitiative.ca\/International\/wp-json\/wp\/v2\/types\/post"}],"author":[{"embeddable":true,"href":"https:\/\/linitiative.ca\/International\/wp-json\/wp\/v2\/users\/1738"}],"replies":[{"embeddable":true,"href":"https:\/\/linitiative.ca\/International\/wp-json\/wp\/v2\/comments?post=118511"}],"version-history":[{"count":0,"href":"https:\/\/linitiative.ca\/International\/wp-json\/wp\/v2\/posts\/118511\/revisions"}],"wp:attachment":[{"href":"https:\/\/linitiative.ca\/International\/wp-json\/wp\/v2\/media?parent=118511"}],"wp:term":[{"taxonomy":"category","embeddable":true,"href":"https:\/\/linitiative.ca\/International\/wp-json\/wp\/v2\/categories?post=118511"},{"taxonomy":"post_tag","embeddable":true,"href":"https:\/\/linitiative.ca\/International\/wp-json\/wp\/v2\/tags?post=118511"}],"curies":[{"name":"wp","href":"https:\/\/api.w.org\/{rel}","templated":true}]}}