{"id":118512,"date":"2021-06-13T15:14:13","date_gmt":"2021-06-13T19:14:13","guid":{"rendered":"https:\/\/linitiative.ca\/International\/international-as-roma-mourinho-a-pris-une-premiere-decision\/"},"modified":"2021-06-13T15:14:13","modified_gmt":"2021-06-13T19:14:13","slug":"international-as-roma-mourinho-a-pris-une-premiere-decision","status":"publish","type":"post","link":"https:\/\/linitiative.ca\/International\/international-as-roma-mourinho-a-pris-une-premiere-decision\/","title":{"rendered":"International : AS Roma : Mourinho a pris une premi\u00e8re d\u00e9cision"},"content":{"rendered":"<div readability=\"32\">\n<p>Auteur : <span class=\"time\">dimanche 13 juin 2021 15:00<\/span><\/p>\n<\/div>\n<div id=\"post_core\" readability=\"42\">\n<p>N\u00e9anmoins, plusieurs rumeurs \u00e9voquaient un possible d\u00e9part de l\u2019AS Roma\u00a0pour le jeune N\u00e9erlandais et pourquoi pas vers l\u2019Olympique de Marseille.<\/p>\n<p>Des discussions ont d\u2019ailleurs eu lieu en interne entre la direction du club et le technicien portugais Jos\u00e9 Mourinho pour \u00e9voquer ce dossier. D&rsquo;apr\u00e8s Les-Transferts, Mourinho n\u2019aurait pas l\u2019intention de laisser partir celui qui est sous contrat jusqu\u2019en juin 2023 et compte bien lui donner un r\u00f4le dans son \u00e9quipe.<\/p>\n<p><strong>Publi\u00e9 dans :<\/strong> <span>AS Roma : Jos\u00e9 Mourinho<\/span><\/p>\n<\/div>\n<p>Auteur:<br \/>\n<a href=\"http:\/\/www.lebuteur.com\/article\/detail?titre=as-roma-mourinho-a-pris-une-premiere-decision&#038;id=100360&#038;utm_source=feedburner&#038;utm_medium=feed&#038;utm_campaign=Feed%3A+GalerieFArtciles+%28Les+derniers+articles++-+lebuteur.com%29\">Cliquez ici pour lire l&rsquo;article depuis sa source.<\/a><\/p>\n","protected":false},"excerpt":{"rendered":"<p>Auteur : dimanche 13 juin 2021 15:00 N\u00e9anmoins, plusieurs rumeurs \u00e9voquaient un possible d\u00e9part de l\u2019AS Roma\u00a0pour le jeune N\u00e9erlandais et pourquoi pas vers l\u2019Olympique de Marseille. Des discussions ont d\u2019ailleurs eu lieu en interne entre la direction du club et le technicien portugais Jos\u00e9 Mourinho pour \u00e9voquer ce dossier. D&rsquo;apr\u00e8s Les-Transferts, Mourinho n\u2019aurait pas [&hellip;]<\/p>\n","protected":false},"author":1738,"featured_media":0,"comment_status":"closed","ping_status":"closed","sticky":false,"template":"","format":"standard","meta":{"fifu_image_url":"\/\/cdn.lebuteur.com\/data\/images\/article\/thumbs\/large-100360as-roma-mourinho-a-pris-une-premiere-decision-d84e2.jpg","fifu_image_alt":"International : AS Roma : Mourinho a pris une premi\u00e8re d\u00e9cision","footnotes":""},"categories":[53,75],"tags":[],"class_list":["post-118512","post","type-post","status-publish","format-standard","hentry","category-algerie","category-sport"],"_links":{"self":[{"href":"https:\/\/linitiative.ca\/International\/wp-json\/wp\/v2\/posts\/118512","targetHints":{"allow":["GET"]}}],"collection":[{"href":"https:\/\/linitiative.ca\/International\/wp-json\/wp\/v2\/posts"}],"about":[{"href":"https:\/\/linitiative.ca\/International\/wp-json\/wp\/v2\/types\/post"}],"author":[{"embeddable":true,"href":"https:\/\/linitiative.ca\/International\/wp-json\/wp\/v2\/users\/1738"}],"replies":[{"embeddable":true,"href":"https:\/\/linitiative.ca\/International\/wp-json\/wp\/v2\/comments?post=118512"}],"version-history":[{"count":0,"href":"https:\/\/linitiative.ca\/International\/wp-json\/wp\/v2\/posts\/118512\/revisions"}],"wp:attachment":[{"href":"https:\/\/linitiative.ca\/International\/wp-json\/wp\/v2\/media?parent=118512"}],"wp:term":[{"taxonomy":"category","embeddable":true,"href":"https:\/\/linitiative.ca\/International\/wp-json\/wp\/v2\/categories?post=118512"},{"taxonomy":"post_tag","embeddable":true,"href":"https:\/\/linitiative.ca\/International\/wp-json\/wp\/v2\/tags?post=118512"}],"curies":[{"name":"wp","href":"https:\/\/api.w.org\/{rel}","templated":true}]}}