{"id":118514,"date":"2021-06-13T15:14:18","date_gmt":"2021-06-13T19:14:18","guid":{"rendered":"https:\/\/linitiative.ca\/International\/international-psg-mbappe-repond-a-al-khelaifi\/"},"modified":"2021-06-13T15:14:18","modified_gmt":"2021-06-13T19:14:18","slug":"international-psg-mbappe-repond-a-al-khelaifi","status":"publish","type":"post","link":"https:\/\/linitiative.ca\/International\/international-psg-mbappe-repond-a-al-khelaifi\/","title":{"rendered":"International : PSG: Mbapp\u00e9 r\u00e9pond \u00e0 Al-Khela\u00effi"},"content":{"rendered":"<div readability=\"32\">\n<p>Auteur : <span class=\"time\">dimanche 13 juin 2021 17:35<\/span><\/p>\n<\/div>\n<div id=\"post_core\" readability=\"44\">\n<p>Pass\u00e9 en conf\u00e9rence de presse avec l\u2019\u00e9quipe de France, l&rsquo;attaquant du Paris Saint-Germain Kylian Mbapp\u00e9 en a profit\u00e9 pour r\u00e9pondre \u00e0 son pr\u00e9sident Nasser Al-Khela\u00effi. Le boss parisien, en discussion avec le natif de Bondy pour une prolongation, lui avait indiqu\u00e9 qu\u2019il ne pourrait pas choisir les recrues du club. Une d\u00e9claration injustifi\u00e9e selon l\u2019ancien Mon\u00e9gasque: \u00ab\u00a0Je vais r\u00e9pondre. Je n&rsquo;ai jamais demand\u00e9 un seul joueur au pr\u00e9sident ou \u00e0 Leonardo (le directeur sportif, ndlr). Je suis un simple joueur de foot, je dois me contenter du terrain. Je n\u2019ai jamais demand\u00e9 un seul joueur au PSG\u00a0\u00bb, a insist\u00e9 Mbapp\u00e9, surpris par la sortie de son sup\u00e9rieur.\u00a0 A noter que l&rsquo;international fran\u00e7ais a esquiv\u00e9 la question sur son avenir rapporte Maxifoot.fr.<\/p>\n<p><strong>Publi\u00e9 dans :<\/strong> <span>Al-Khela\u00effi<\/span> <span>Mbapp\u00e9<\/span><\/p>\n<\/div>\n<p>Auteur:<br \/>\n<a href=\"http:\/\/www.lebuteur.com\/article\/detail?titre=psg-mbappe-repond-a-al-khelaifi&#038;id=100363&#038;utm_source=feedburner&#038;utm_medium=feed&#038;utm_campaign=Feed%3A+GalerieFArtciles+%28Les+derniers+articles++-+lebuteur.com%29\">Cliquez ici pour lire l&rsquo;article depuis sa source.<\/a><\/p>\n","protected":false},"excerpt":{"rendered":"<p>Auteur : dimanche 13 juin 2021 17:35 Pass\u00e9 en conf\u00e9rence de presse avec l\u2019\u00e9quipe de France, l&rsquo;attaquant du Paris Saint-Germain Kylian Mbapp\u00e9 en a profit\u00e9 pour r\u00e9pondre \u00e0 son pr\u00e9sident Nasser Al-Khela\u00effi. Le boss parisien, en discussion avec le natif de Bondy pour une prolongation, lui avait indiqu\u00e9 qu\u2019il ne pourrait pas choisir les recrues [&hellip;]<\/p>\n","protected":false},"author":1738,"featured_media":0,"comment_status":"closed","ping_status":"closed","sticky":false,"template":"","format":"standard","meta":{"fifu_image_url":"\/\/cdn.lebuteur.com\/data\/images\/article\/thumbs\/large-psg-mbappe-repond-a-al-khelaifi-60b52.jpg","fifu_image_alt":"International : PSG: Mbapp\u00e9 r\u00e9pond \u00e0 Al-Khela\u00effi","footnotes":""},"categories":[53,75],"tags":[],"class_list":["post-118514","post","type-post","status-publish","format-standard","hentry","category-algerie","category-sport"],"_links":{"self":[{"href":"https:\/\/linitiative.ca\/International\/wp-json\/wp\/v2\/posts\/118514","targetHints":{"allow":["GET"]}}],"collection":[{"href":"https:\/\/linitiative.ca\/International\/wp-json\/wp\/v2\/posts"}],"about":[{"href":"https:\/\/linitiative.ca\/International\/wp-json\/wp\/v2\/types\/post"}],"author":[{"embeddable":true,"href":"https:\/\/linitiative.ca\/International\/wp-json\/wp\/v2\/users\/1738"}],"replies":[{"embeddable":true,"href":"https:\/\/linitiative.ca\/International\/wp-json\/wp\/v2\/comments?post=118514"}],"version-history":[{"count":0,"href":"https:\/\/linitiative.ca\/International\/wp-json\/wp\/v2\/posts\/118514\/revisions"}],"wp:attachment":[{"href":"https:\/\/linitiative.ca\/International\/wp-json\/wp\/v2\/media?parent=118514"}],"wp:term":[{"taxonomy":"category","embeddable":true,"href":"https:\/\/linitiative.ca\/International\/wp-json\/wp\/v2\/categories?post=118514"},{"taxonomy":"post_tag","embeddable":true,"href":"https:\/\/linitiative.ca\/International\/wp-json\/wp\/v2\/tags?post=118514"}],"curies":[{"name":"wp","href":"https:\/\/api.w.org\/{rel}","templated":true}]}}