{"id":118519,"date":"2021-06-13T06:00:00","date_gmt":"2021-06-13T10:00:00","guid":{"rendered":"https:\/\/linitiative.ca\/International\/le-deux-poids-deux-mesures-de-lanie\/"},"modified":"2021-06-13T06:00:00","modified_gmt":"2021-06-13T10:00:00","slug":"le-deux-poids-deux-mesures-de-lanie","status":"publish","type":"post","link":"https:\/\/linitiative.ca\/International\/le-deux-poids-deux-mesures-de-lanie\/","title":{"rendered":"Le deux poids, deux mesures de l\u2019Anie !"},"content":{"rendered":"<p>Grande mobilisation au Centre international des conf\u00e9rences (CIC) Abdelatif-Rahal. Presse \u00e9crite, sites \u00e9lectroniques d\u2019information, m\u00e9dias audiovisuels locaux et cha\u00eenes satellitaires \u00e9trang\u00e8res, notamment celles arabes venues en force, \u00e9taient regroup\u00e9s dans ce lieu pour couvrir un \u00e9v\u00e8nement. Ils ont \u00e9t\u00e9 accr\u00e9dit\u00e9s pour assurer la couverture des \u00e9lections l\u00e9gislatives du 12 juin 2021. Des moyens humains et mat\u00e9riels ont \u00e9t\u00e9 engag\u00e9s en cons\u00e9quence. Une organisation qui \u00e9tait presque parfaite sans le couac de Charfi qui a donn\u00e9 la \u00abvedette\u00bb \u00e0 la t\u00e9l\u00e9vision publique.<br \/>Rym Nasri &#8211; Alger (Le Soir) &#8211; Les journalistes nationaux et \u00e9trangers, accr\u00e9dit\u00e9s pour la couverture des \u00e9lections l\u00e9gislatives du 12 juin 2021, pouvaient suivre le scrutin du Centre international de presse (CIP), install\u00e9 le 8 juin dernier, au Centre international des conf\u00e9rences (CIC) de Club-des-Pins, \u00e0 Alger. Des \u00e9crans g\u00e9ants diffusaient en boucle les journaux t\u00e9l\u00e9vis\u00e9s de la cha\u00eene publique, mais aussi ceux de certaines chaines de t\u00e9l\u00e9vision satellitaires arabes accr\u00e9dit\u00e9es pour ce rendez-vous \u00e9lectoral. Tr\u00e8s peu de journalistes les suivaient avec attention, car nombre d\u2019entre eux appelaient leurs propres sources. T\u00e9l\u00e9phone accroch\u00e9 aux oreilles, ils \u00e9taient en contact avec leurs coll\u00e8gues en tourn\u00e9e dans les bureaux de vote.<br \/>L\u2019organisation de cet \u00e9v\u00e8nement a \u00e9t\u00e9 planifi\u00e9e dans les moindres d\u00e9tails. Le CIP a am\u00e9nag\u00e9 \u00e0 cet effet trois salles distinctes pour chacun des supports m\u00e9diatiques. Dot\u00e9e de 23 ordinateurs portables avec connexion Wifi, la premi\u00e8re salle a \u00e9t\u00e9 d\u00e9di\u00e9e \u00e0 la r\u00e9daction. La seconde a \u00e9t\u00e9 transform\u00e9e en r\u00e9gie pour le montage et l\u2019envoi des enregistrements, \u00e9missions et autres interviews.<br \/>D\u2019ailleurs, un plateau de t\u00e9l\u00e9vision a \u00e9t\u00e9 install\u00e9 dans cette m\u00eame salle. La grande salle o\u00f9 ont lieu les diff\u00e9rents points de presse du pr\u00e9sident de l\u2019Autorit\u00e9 nationale ind\u00e9pendante des \u00e9lections (Anie), Mohamed Charfi, a \u00e9t\u00e9 r\u00e9serv\u00e9e uniquement aux cha\u00eenes de t\u00e9l\u00e9vision et \u00e0 la radio. Une d\u00e9marche qui a soulev\u00e9 la col\u00e8re de leurs confr\u00e8res de la presse \u00e9crite, qui se sont vu interdire l\u2019acc\u00e8s.<br \/>\u00abC\u2019est un traitement discriminatoire !\u00bb peste Cherifa, journaliste dans un quotidien arabophone, qui s\u2019indigne contre le traitement de deux poids deux mesures r\u00e9serv\u00e9 aux journalistes de la presse papier et sites \u00e9lectroniques. Une incompr\u00e9hension totale. \u00abNous avons l\u2019impression qu\u2019ils sont dans le d\u00e9ni de la pluralit\u00e9 des m\u00e9dias dans notre pays, pr\u00e9f\u00e9rant en cela donner la vedette \u00e0 l\u2019audiovisuel\u00bb, explique-t-elle.<br \/>L\u2019incompr\u00e9hension est aussi totale concernant le choix de la t\u00e9l\u00e9vision publique pour ce qui est des questions \u00e0 poser lors des points de presse du pr\u00e9sident de l\u2019Anie. \u00abMohamed Charfi ne r\u00e9pond qu\u2019aux questions pos\u00e9es par les journalistes de la cha\u00eene publique\u00bb, affirme une autre journaliste qui fait part de son indignation. \u00abJe ne comprends pas pourquoi on nous accr\u00e9dite \u00e0 un \u00e9v\u00e8nement auquel nous ne pouvons pas participer\u00bb, dit-elle. La presse \u00e9trang\u00e8re accr\u00e9dit\u00e9e a, par contre, b\u00e9n\u00e9fici\u00e9 de toutes les \u00ablargesses\u00bb de l\u2019instance de Charfi. \u00abMes 14 coll\u00e8gues venus du Qatar n\u2019ont pas eu du tout de difficult\u00e9s depuis leur arriv\u00e9e en Alg\u00e9rie.<br \/>En deux jours, ils ont re\u00e7u leurs accr\u00e9ditations. Aujourd\u2019hui, ils ont install\u00e9 un plateau t\u00e9l\u00e9vision \u00e0 Riadh-el-Feth, sur les hauteurs d\u2019Alger, pour assurer des directs\u00bb, t\u00e9moigne Atef K., correspondant de la cha\u00eene qatarie Al Jazeera \u00e0 Alger. C\u2019est vers 12h20 que le pr\u00e9sident de l\u2019Autorit\u00e9 nationale ind\u00e9pendante des \u00e9lections (Anie), Mohamed Charfi, a tenu son premier point de presse pour annoncer le taux de participation enregistr\u00e9 jusqu\u2019\u00e0 10h du matin, suivi par le second point vers 16 h, puis celui de 18h et le tout dernier qui sera tenu sans doute peu de temps apr\u00e8s la fermeture des bureaux de vote.<br \/>Ry. N.<\/p>\n<p>Auteur:<br \/>\n<a href=\"https:\/\/www.lesoirdalgerie.com\/actualites\/le-deux-poids-deux-mesures-de-lanie-62724\">Cliquez ici pour lire l&rsquo;article depuis sa source.<\/a><\/p>\n","protected":false},"excerpt":{"rendered":"<p>Grande mobilisation au Centre international des conf\u00e9rences (CIC) Abdelatif-Rahal. Presse \u00e9crite, sites \u00e9lectroniques d\u2019information, m\u00e9dias audiovisuels locaux et cha\u00eenes satellitaires \u00e9trang\u00e8res, notamment celles arabes venues en force, \u00e9taient regroup\u00e9s dans ce lieu pour couvrir un \u00e9v\u00e8nement. Ils ont \u00e9t\u00e9 accr\u00e9dit\u00e9s pour assurer la couverture des \u00e9lections l\u00e9gislatives du 12 juin 2021. Des moyens humains et [&hellip;]<\/p>\n","protected":false},"author":1741,"featured_media":0,"comment_status":"closed","ping_status":"closed","sticky":false,"template":"","format":"standard","meta":{"fifu_image_url":"","fifu_image_alt":"","footnotes":""},"categories":[73,53],"tags":[],"class_list":["post-118519","post","type-post","status-publish","format-standard","hentry","category-actualite","category-algerie"],"_links":{"self":[{"href":"https:\/\/linitiative.ca\/International\/wp-json\/wp\/v2\/posts\/118519","targetHints":{"allow":["GET"]}}],"collection":[{"href":"https:\/\/linitiative.ca\/International\/wp-json\/wp\/v2\/posts"}],"about":[{"href":"https:\/\/linitiative.ca\/International\/wp-json\/wp\/v2\/types\/post"}],"author":[{"embeddable":true,"href":"https:\/\/linitiative.ca\/International\/wp-json\/wp\/v2\/users\/1741"}],"replies":[{"embeddable":true,"href":"https:\/\/linitiative.ca\/International\/wp-json\/wp\/v2\/comments?post=118519"}],"version-history":[{"count":0,"href":"https:\/\/linitiative.ca\/International\/wp-json\/wp\/v2\/posts\/118519\/revisions"}],"wp:attachment":[{"href":"https:\/\/linitiative.ca\/International\/wp-json\/wp\/v2\/media?parent=118519"}],"wp:term":[{"taxonomy":"category","embeddable":true,"href":"https:\/\/linitiative.ca\/International\/wp-json\/wp\/v2\/categories?post=118519"},{"taxonomy":"post_tag","embeddable":true,"href":"https:\/\/linitiative.ca\/International\/wp-json\/wp\/v2\/tags?post=118519"}],"curies":[{"name":"wp","href":"https:\/\/api.w.org\/{rel}","templated":true}]}}