{"id":118533,"date":"2021-06-13T15:02:17","date_gmt":"2021-06-13T19:02:17","guid":{"rendered":"https:\/\/linitiative.ca\/International\/mort-de-soldats-ivoiriens-et-attaque-de-la-residence-du-pan-au-niger\/"},"modified":"2021-06-13T15:02:17","modified_gmt":"2021-06-13T19:02:17","slug":"mort-de-soldats-ivoiriens-et-attaque-de-la-residence-du-pan-au-niger","status":"publish","type":"post","link":"https:\/\/linitiative.ca\/International\/mort-de-soldats-ivoiriens-et-attaque-de-la-residence-du-pan-au-niger\/","title":{"rendered":"MORT DE SOLDATS IVOIRIENS ET ATTAQUE DE LA RESIDENCE DU PAN AU NIGER"},"content":{"rendered":"<p class=\"c4\"><em>Le 12 juin dernier, trois soldats ivoiriens ont trouv\u00e9 la mort apr\u00e8s que leur v\u00e9hicule a saut\u00e9 sur un engin improvis\u00e9. C\u2019\u00e9tait \u00e0 T\u00e9hini, \u00a0\u00a0dans la m\u00eame zone o\u00f9 un autre soldat avait p\u00e9ri au cours d\u2019une attaque terroriste, une semaine plus t\u00f4t. Le m\u00eame jour, le domicile du pr\u00e9sident de l\u2019Assembl\u00e9e nationale du Niger, Seini Oumarou, faisait aussi l\u2019objet d\u2019une attaque qui a co\u00fbt\u00e9 la vie \u00e0 un \u00e9l\u00e9ment de sa garde rapproch\u00e9e. A ce qu\u2019on dit, l\u2019attaque a \u00e9t\u00e9 perp\u00e9tr\u00e9e par deux individus roulant \u00e0 moto qui ont, toutefois, r\u00e9ussi \u00e0 prendre la poudre d\u2019escampette. Qui sont donc ces assaillants\u00a0? S\u2019agissait-il de simples bandits qui voulaient braquer le domicile de la deuxi\u00e8me personnalit\u00e9 du pays\u00a0? Ou \u00a0\u00a0de djihadistes qui voulaient marquer les esprits en ciblant le domicile du pr\u00e9sident de l\u2019Assembl\u00e9e nationale\u00a0? Autant de questions que tout le monde se pose sans r\u00e9ponse. En tout cas,\u00a0 en attendant qu\u2019une enqu\u00eate s\u00e9rieuse puisse permettre de conna\u00eetre l\u2019identit\u00e9 des assaillants, \u00e0 d\u00e9faut de leur mettre le grappin dessus, les autorit\u00e9s nig\u00e9riennes gagneraient \u00e0 ne pas minimiser cette attaque qui traduit les failles du dispositif s\u00e9curitaire en place. Car, que des assaillants puissent entrer dans la ville de Niamey au point de s\u2019en prendre \u00e0 la r\u00e9sidence d\u2019une tr\u00e8s haute personnalit\u00e9, est acte pour le moins t\u00e9m\u00e9raire qui doit interpeller.<\/em><\/p>\n<p class=\"c4\"><em>\u00a0<\/em><\/p>\n<p class=\"c4\"><em>\u00a0<\/em><\/p>\n<p class=\"c4\"><em>\u00a0<\/em><\/p>\n<p class=\"c6\"><strong><em>Tout porte \u00e0 croire que le ver est d\u00e9j\u00e0 dans le fruit<\/em><\/strong><\/p>\n<p class=\"c4\"><em>\u00a0<\/em><\/p>\n<p class=\"c4\"><em>Cela en dit long sur la capacit\u00e9 de l\u2019ennemi \u00e0 frapper l\u00e0 o\u00f9 on l\u2019attend le moins. D\u2019o\u00f9 la n\u00e9cessit\u00e9 de redoubler de vigilance quand on sait qu\u2019\u00e0 plusieurs reprises, la capitale nig\u00e9rienne a fait l\u2019objet d\u2019attaques.\u00a0<\/em> <em>Quant \u00e0 la C\u00f4te d\u2019Ivoire qui est d\u00e9sormais entr\u00e9e dans l\u2019\u0153il du cyclone des terroristes, il\u00a0 y a lieu,\u00a0 face \u00e0 la r\u00e9currence des attaques sur son sol, de prendre des mesures hardies. Car, ce qui lui arrive aujourd\u2019hui \u00e9tait pr\u00e9visible du fait de sa proximit\u00e9 avec le Burkina Faso et le Mali en proie, depuis quelques ann\u00e9es, \u00e0 des violences terroristes meurtri\u00e8res. Du reste, tout porte \u00e0 croire que le ver est d\u00e9j\u00e0 dans le fruit puisque cette fois-ci, et c\u2019est une premi\u00e8re, un v\u00e9hicule de l\u2019arm\u00e9e a saut\u00e9 sur une mine. Ce qui n\u2019\u00e9tait pas le cas \u00e0 Kafolo et \u00e0 Tougho o\u00f9 les terroristes avaient ouvert le feu sur les positions de l\u2019arm\u00e9e. Le patron du renseignement fran\u00e7ais n\u2019avait-il pas, nagu\u00e8re, pr\u00e9venu que les groupes arm\u00e9s qui s\u00e9vissent au Sahel, nourrissaient le secret espoir d\u2019\u00e9tendre leurs tentacules vers le littoral ouest-africain\u00a0? A pr\u00e9sent, on y est, selon toute vraisemblance. En tout cas, il\u00a0 y a d\u2019autant plus urgence \u00e0 agir que si les groupes arm\u00e9s parviennent \u00e0 s\u2019installer dans la for\u00eat de la Como\u00e9, il sera tr\u00e8s difficile de les en d\u00e9loger et en cons\u00e9quence, l\u2019on assistera \u00e0 la d\u00e9gradation continue de la situation s\u00e9curitaire aussi bien au Burkina Faso qu\u2019au Mali.<\/em><\/p>\n<p class=\"c4\"><em>\u00a0<\/em><\/p>\n<p class=\"c6\"><em><strong>B.O<\/strong><\/em><\/p>\n<p class=\"c4\"><em>\u00a0<\/em><\/p>\n<p>Auteur: Editions LEPAYS<br \/>\n<a href=\"https:\/\/lepays.bf\/mort-de-soldats-ivoiriens-et-attaque-de-la-residence-du-pan-au-niger\/\">Cliquez ici pour lire l&rsquo;article depuis sa source.<\/a><\/p>\n","protected":false},"excerpt":{"rendered":"<p>Le 12 juin dernier, trois soldats ivoiriens ont trouv\u00e9 la mort apr\u00e8s que leur v\u00e9hicule a saut\u00e9 sur un engin improvis\u00e9. C\u2019\u00e9tait \u00e0 T\u00e9hini, \u00a0\u00a0dans la m\u00eame zone o\u00f9 un autre soldat avait p\u00e9ri au cours d\u2019une attaque terroriste, une semaine plus t\u00f4t. Le m\u00eame jour, le domicile du pr\u00e9sident de l\u2019Assembl\u00e9e nationale du Niger, [&hellip;]<\/p>\n","protected":false},"author":1813,"featured_media":0,"comment_status":"closed","ping_status":"closed","sticky":false,"template":"","format":"standard","meta":{"fifu_image_url":"","fifu_image_alt":"","footnotes":""},"categories":[73,81],"tags":[],"class_list":["post-118533","post","type-post","status-publish","format-standard","hentry","category-actualite","category-burkina-faso"],"_links":{"self":[{"href":"https:\/\/linitiative.ca\/International\/wp-json\/wp\/v2\/posts\/118533","targetHints":{"allow":["GET"]}}],"collection":[{"href":"https:\/\/linitiative.ca\/International\/wp-json\/wp\/v2\/posts"}],"about":[{"href":"https:\/\/linitiative.ca\/International\/wp-json\/wp\/v2\/types\/post"}],"author":[{"embeddable":true,"href":"https:\/\/linitiative.ca\/International\/wp-json\/wp\/v2\/users\/1813"}],"replies":[{"embeddable":true,"href":"https:\/\/linitiative.ca\/International\/wp-json\/wp\/v2\/comments?post=118533"}],"version-history":[{"count":0,"href":"https:\/\/linitiative.ca\/International\/wp-json\/wp\/v2\/posts\/118533\/revisions"}],"wp:attachment":[{"href":"https:\/\/linitiative.ca\/International\/wp-json\/wp\/v2\/media?parent=118533"}],"wp:term":[{"taxonomy":"category","embeddable":true,"href":"https:\/\/linitiative.ca\/International\/wp-json\/wp\/v2\/categories?post=118533"},{"taxonomy":"post_tag","embeddable":true,"href":"https:\/\/linitiative.ca\/International\/wp-json\/wp\/v2\/tags?post=118533"}],"curies":[{"name":"wp","href":"https:\/\/api.w.org\/{rel}","templated":true}]}}