{"id":118534,"date":"2021-06-13T15:05:54","date_gmt":"2021-06-13T19:05:54","guid":{"rendered":"https:\/\/linitiative.ca\/International\/nouveau-gouvernement-malien\/"},"modified":"2021-06-13T15:05:54","modified_gmt":"2021-06-13T19:05:54","slug":"nouveau-gouvernement-malien","status":"publish","type":"post","link":"https:\/\/linitiative.ca\/International\/nouveau-gouvernement-malien\/","title":{"rendered":"NOUVEAU GOUVERNEMENT MALIEN  \u00a0"},"content":{"rendered":"<p class=\"c4\"><em>Moins d\u2019une semaine apr\u00e8s la d\u00e9signation de Choguel Kokalla Ma\u00efga comme Premier ministre par le pr\u00e9sident de la Transition, le colonel Assimi Go\u00efta, les deux nouvelles t\u00eates de l\u2019Ex\u00e9cutif ont cosign\u00e9, vendredi dernier, un d\u00e9cret actant la nomination de 28 membres du gouvernement dont 25 de plein exercice et 3 ministres d\u00e9l\u00e9gu\u00e9s. Sans surprise, on y retrouve les membres de la junte et du M5-RFP aux postes-cl\u00e9s, le reste des portefeuilles ayant \u00e9t\u00e9 attribu\u00e9 aux autres acteurs du monde politique et de la soci\u00e9t\u00e9 civile. Ce nouveau gouvernement voit le jour dans un contexte marqu\u00e9 par d\u2019\u00e9normes d\u00e9fis internes \u00e0 relever, notamment sur les plans s\u00e9curitaire et social, et par un tr\u00e8s fort coup de pression de la France qui, \u00e0 en croire son pr\u00e9sident, \u00a0\u00abne resterait pas aux c\u00f4t\u00e9s d\u2019un pays o\u00f9 il n\u2019y a plus de l\u00e9gitimit\u00e9 d\u00e9mocratique ni de transition\u00bb. Malgr\u00e9 ces immenses adversit\u00e9s, le colonel Go\u00efta et son gouvernement semblent \u00a0\u00a0d\u00e9cid\u00e9s \u00e0 garder le cap et \u00e0 conduire la Transition jusqu\u2019\u00e0 son terme pr\u00e9vu pour le d\u00e9but de l\u2019ann\u00e9e prochaine. La question est de savoir si dans les huit mois qui nous s\u00e9parent des prochaines \u00e9ch\u00e9ances \u00e9lectorales, les autorit\u00e9s de la Transition pourront, malgr\u00e9 leur volontarisme, cr\u00e9er les conditions d\u2019un retour au calme et \u00e0 la s\u00e9curit\u00e9 dans ce pays dont plus de la moiti\u00e9 \u00e9chappe toujours au contr\u00f4le de l\u2019Etat. Rien n\u2019est moins s\u00fbr, quand on sait que la crise s\u00e9curitaire ne fait que s\u2019aggraver, que le nombre de victimes ne fait qu\u2019augmenter, que les op\u00e9rations militaires visant \u00e0 pacifier les r\u00e9gions du Nord et du Centre, sont dans l\u2019impasse et le seront davantage avec la d\u00e9cision fran\u00e7aise de suspendre les op\u00e9rations conjointes avec l\u2019arm\u00e9e malienne depuis le coup d\u2019Etat du 24 mai dernier. Bien que les d\u00e9fis soient immenses, les Maliens, dans leur grande majorit\u00e9, ne semblent pas \u00e9branl\u00e9s outre mesure \u00e0 l\u2019id\u00e9e de voir les troupes fran\u00e7aises plier bagage.<\/em><\/p>\n<p class=\"c4\"><em>\u00a0<\/em><\/p>\n<p class=\"c6\"><strong><em>C\u2019est \u00e0 l\u2019aune des r\u00e9sultats obtenus que le colonel-pr\u00e9sident sera jug\u00e9 \u00e0 la fin de son \u00ab\u00a0mandat\u00a0\u00bb<\/em><\/strong><\/p>\n<p class=\"c6\"><strong><em>\u00a0<\/em><\/strong><\/p>\n<p class=\"c4\"><em>Car, ils estiment qu\u2019apr\u00e8s autant d\u2019ann\u00e9es de collaboration avec l\u2019ancienne puissance colonisatrice pour des r\u00e9sultats aussi mitig\u00e9s, le temps est venu de changer de cap et d\u2019option dans la lutte contre l\u2019ins\u00e9curit\u00e9 et pour la pr\u00e9servation de la paix et de la coh\u00e9sion sociales. Dans cette perspective, ils pourraient voir d\u2019un bon \u0153il que les autorit\u00e9s maliennes s\u2019entichent avec les Russes connus pour ne pas faire dans la dentelle quand il s\u2019agit de casser du terroriste, si le colonel Go\u00efta d\u00e9cidait de continuer la guerre contre les groupes djihadistes qui se multiplient par scissiparit\u00e9 au nord et au centre du Mali depuis une bonne dizaine d\u2019ann\u00e9es. Aucun officiel malien n\u2019a, pour le moment, publiquement envisag\u00e9 la carte russe, et l\u2019option la plus privil\u00e9gi\u00e9e reste la n\u00e9gociation avec les \u00ab\u00a0m\u00e9chants\u00a0\u00bb afin de trouver une solution endog\u00e8ne et acceptable \u00e0 la crise. Il est fort probable que Assimi Go\u00efta et son gouvernement fassent fi des menaces de la France qui s\u2019oppose fermement aux pourparlers de paix avec les terroristes, fussent-ils Maliens d\u2019origine, pour prendre langue avec tous les groupes enclins \u00e0 la n\u00e9gociation afin d\u2019\u00e9pargner les vies humaines et de restaurer l\u2019autorit\u00e9 de l\u2019Etat sur tout le territoire. C\u2019est \u00e0 l\u2019aune des r\u00e9sultats obtenus et des avanc\u00e9es sur le plan s\u00e9curitaire, que le colonel-pr\u00e9sident sera jug\u00e9 \u00e0 la fin de son \u00ab\u00a0mandat\u00a0\u00bb, et il sait tr\u00e8s bien qu\u2019il est attendu au pied du mur non seulement par ses compatriotes, mais aussi par les partenaires du Mali qui voient dans son deuxi\u00e8me coup d\u2019Etat en moins d\u2019une ann\u00e9e, rien moins qu\u2019une entourloupe pour prendre le pouvoir et le conserver envers et contre tous. Ces partenaires, la France en t\u00eate, sont d\u2019autant plus dubitatifs sur la capacit\u00e9 des nouvelles autorit\u00e9s \u00e0 pacifier ce pays pris dans le tourbillon des violences djihadistes et intercommunautaires depuis 2012, par la voie de la n\u00e9gociation, que certains groupes comme l\u2019EIGS et AQMI sont dirig\u00e9s par des \u00e9trangers et sont moins dispos\u00e9s \u00e0 s\u2019asseoir autour de la m\u00eame table que ceux qu\u2019ils combattent et qu\u2019ils consid\u00e8rent comme des apostats. L\u2019option du dialogue m\u00eame avec la Katiba Macina de Amadou Koufa, qui a \u00e9t\u00e9 prise depuis 2017 \u00e0 l\u2019occasion de la Conf\u00e9rence d\u2019entente nationale, est contre-productive, selon la France, parce que les exigences des islamistes seront fatalement contraires aux valeurs d\u2019une r\u00e9publique la\u00efque et donc inacceptables pour les bien-pensants. Pour certains, la meilleure mani\u00e8re d\u2019\u00e9radiquer ce fl\u00e9au est de supprimer les chefs de ces groupes, comme l\u2019op\u00e9ration Barkhane l\u2019a fait le 5 juin dernier dans les alentours d\u2019Aguelhok, en bombardant une horde de terroristes dirig\u00e9e par Baye Ag Bakabo, l\u2019organisateur du rapt et de l\u2019assassinat des deux journalistes de RFI, Ghislaine Dupont et Claude Verlon, en 2013. C\u2019est vrai que ce n\u2019est pas la premi\u00e8re fois que de telles op\u00e9rations d\u2019\u00e9clat ont lieu sur le sol malien depuis 2013. Mais elles n\u2019ont pas emp\u00each\u00e9 la situation s\u00e9curitaire de se d\u00e9grader avec le d\u00e9placement de l\u2019\u00e9picentre de la crise du Nord vers le Centre. C\u2019est fort de ce constat que le colonel Go\u00efta sera sans doute moins mall\u00e9able que ses pr\u00e9d\u00e9cesseurs, au risque d\u2019effaroucher l\u2019ancienne puissance tut\u00e9laire.<\/em><\/p>\n<p class=\"c4\"><em>\u00a0<\/em><\/p>\n<p class=\"c6\"><strong><em>Hamadou GADIAGA<\/em><\/strong><\/p>\n<p class=\"c4\"><em>\u00a0<\/em><\/p>\n<p>Auteur: Editions LEPAYS<br \/>\n<a href=\"https:\/\/lepays.bf\/nouveau-gouvernement-malien\/\">Cliquez ici pour lire l&rsquo;article depuis sa source.<\/a><\/p>\n","protected":false},"excerpt":{"rendered":"<p>Moins d\u2019une semaine apr\u00e8s la d\u00e9signation de Choguel Kokalla Ma\u00efga comme Premier ministre par le pr\u00e9sident de la Transition, le colonel Assimi Go\u00efta, les deux nouvelles t\u00eates de l\u2019Ex\u00e9cutif ont cosign\u00e9, vendredi dernier, un d\u00e9cret actant la nomination de 28 membres du gouvernement dont 25 de plein exercice et 3 ministres d\u00e9l\u00e9gu\u00e9s. Sans surprise, on [&hellip;]<\/p>\n","protected":false},"author":1813,"featured_media":0,"comment_status":"closed","ping_status":"closed","sticky":false,"template":"","format":"standard","meta":{"fifu_image_url":"","fifu_image_alt":"","footnotes":""},"categories":[73,81],"tags":[],"class_list":["post-118534","post","type-post","status-publish","format-standard","hentry","category-actualite","category-burkina-faso"],"_links":{"self":[{"href":"https:\/\/linitiative.ca\/International\/wp-json\/wp\/v2\/posts\/118534","targetHints":{"allow":["GET"]}}],"collection":[{"href":"https:\/\/linitiative.ca\/International\/wp-json\/wp\/v2\/posts"}],"about":[{"href":"https:\/\/linitiative.ca\/International\/wp-json\/wp\/v2\/types\/post"}],"author":[{"embeddable":true,"href":"https:\/\/linitiative.ca\/International\/wp-json\/wp\/v2\/users\/1813"}],"replies":[{"embeddable":true,"href":"https:\/\/linitiative.ca\/International\/wp-json\/wp\/v2\/comments?post=118534"}],"version-history":[{"count":0,"href":"https:\/\/linitiative.ca\/International\/wp-json\/wp\/v2\/posts\/118534\/revisions"}],"wp:attachment":[{"href":"https:\/\/linitiative.ca\/International\/wp-json\/wp\/v2\/media?parent=118534"}],"wp:term":[{"taxonomy":"category","embeddable":true,"href":"https:\/\/linitiative.ca\/International\/wp-json\/wp\/v2\/categories?post=118534"},{"taxonomy":"post_tag","embeddable":true,"href":"https:\/\/linitiative.ca\/International\/wp-json\/wp\/v2\/tags?post=118534"}],"curies":[{"name":"wp","href":"https:\/\/api.w.org\/{rel}","templated":true}]}}