{"id":118536,"date":"2021-06-13T14:18:02","date_gmt":"2021-06-13T18:18:02","guid":{"rendered":"https:\/\/linitiative.ca\/International\/cote-divoire-le-moral-arme-prisca-trey-percluse-des-jambes-depasse-son-handicap\/"},"modified":"2021-06-13T14:18:02","modified_gmt":"2021-06-13T18:18:02","slug":"cote-divoire-le-moral-arme-prisca-trey-percluse-des-jambes-depasse-son-handicap","status":"publish","type":"post","link":"https:\/\/linitiative.ca\/International\/cote-divoire-le-moral-arme-prisca-trey-percluse-des-jambes-depasse-son-handicap\/","title":{"rendered":"C\u00f4te d\u2019Ivoire: le moral arm\u00e9, Prisca Trey, percluse des jambes, d\u00e9passe son handicap"},"content":{"rendered":"<div readability=\"32\">\n<p>Publi\u00e9 le 13.06.2021 \u00e0 19h18 par APA News<\/p>\n<\/div>\n<div readability=\"119\">\n<p>L\u2019Ivoirienne Prisca Marie-Costance Trey, percluse des jambes, un handicap qui la contraint \u00e0 se d\u00e9placer en fauteuil roulant, estime qu&rsquo;\u00a0\u00bb\u00eatre handicap\u00e9 ne doit pas \u00eatre un frein \u00e0 la vie de chacun\u00a0\u00bb.<\/p>\n<p>En d\u00e9pit de sa mobilit\u00e9 r\u00e9duite, Prisca Trey, ne s\u2019apitoie pas sur son sort. Pour elle, \u00ab\u00a0l\u2019handicap, \u00e7a se passe dans la t\u00eate\u00a0\u00bb et ce \u00ab\u00a0n\u2019est pas normal\u00a0\u00bb, un \u00e9tat d\u2019esprit qui l\u2019am\u00e8ne \u00e0 se surpasser face \u00e0 ses d\u00e9fis. \u00a0<\/p>\n<p>Pr\u00e9sente \u00e0 la 5e \u00e9dition de la \u00ab\u00a0Journ\u00e9e Handi Emploi\u00a0\u00bb, un salon pour l\u2019emploi des personnes en situation d\u2019handicap, tenue \u00e0 Abidjan le 10 juin 2021 autour de la probl\u00e9matique des \u00ab\u00a0handicaps invisibles\u00a0\u00bb, elle est venue scruter les opportunit\u00e9s. \u00a0<\/p>\n<p>A Dabou, une ville \u00e0 l\u2019Ouest d\u2019Abidjan, Prisca Trey est pr\u00e9sidente des femmes handicap\u00e9es de cette agglom\u00e9ration, o\u00f9 entre 200 et 300 personnes sont en situation d\u2019handicap.\u00a0<\/p>\n<p>Pour cette \u00e9dition, Handi Emploi, a ouvert son champ aux handicaps invisibles, qui sont des handicaps non apparent chez des individu tels les dr\u00e9panocytaires ou les personnes souffrant d\u2019arthrose ou d\u2019endom\u00e9triose.<\/p>\n<p>Les opportunit\u00e9s de ce salon, elle veut les partager avec ses confr\u00e8res aux fins de d\u00e9crocher un emploi. Gr\u00e2ce au recrutement d\u00e9rogatoire des personnes en situation d\u2019handicap, Prisca jouit d\u2019un emploi, aujourd\u2019hui. \u00a0<\/p>\n<p>Apr\u00e8s deux \u00e9checs au test d\u2019entr\u00e9e \u00e0 la fonction publique ivoirienne, Prisca Trey r\u00e9ussit la troisi\u00e8me ann\u00e9e, en 2019, au concours d\u00e9rogatoire en faveur des personnes en situation handicap.<\/p>\n<p>Adjointe administrative au tribunal de Dabou, Prisca Marie-Constance Trey (38 ans), titulaire d\u2019un BEPC (Brevet d\u2019\u00e9tude du premier cycle), ambitionne de passer le BAC dans les ann\u00e9es \u00e0 venir afin d\u2019\u00e9voluer dans le service judiciaire.<\/p>\n<p>Son sport, c\u2019est le badminton. Engag\u00e9e dans cette discipline, elle fait partie aujourd\u2019hui de l\u2019\u00e9quipe para-badminton de la C\u00f4te d\u2019Ivoire. Athl\u00e8te dans l\u2019\u00e2me, Prisca Trey a remport\u00e9 plusieurs courses organis\u00e9es par cette organisation.<\/p>\n<p>Promoteur de Handi Emploi, Mme Dani\u00e8le Adahi, commissaire g\u00e9n\u00e9rale de la Journ\u00e9e Handi Emploi, s\u2019est r\u00e9jouie de ce que cette plateforme offre des voies aux personnes en situation d\u2019handicap pour une insertion socio-professionnelle. \u00a0\u00a0<\/p>\n<p>Durant plusieurs heures, les entreprises ayant dress\u00e9 des stands, ont \u00e9chang\u00e9 avec des personnes en situation de handicap dans l\u2019optique d\u2019une \u00e9ventuelle insertion selon leurs comp\u00e9tences et savoir-faire.<\/p>\n<p>Plus de 700 personnes ont visit\u00e9 le salon Handi Emploi qui a pour objectif principal de \u00ab\u00a0sensibiliser et d\u2019informer les entreprises ainsi que la population sur les proc\u00e9dures, l\u2019utilit\u00e9 et l\u2019enjeu m\u00eame de l\u2019insertion de ces personnes vuln\u00e9rables dans les entreprises\u00a0\u00bb.\u00a0<\/p>\n<p>Le th\u00e8me de campagne pour l\u2019\u00e9dition 2021 de la Journ\u00e9e Handi Emploi est \u00ab\u00a0Les handicaps invisibles\u00a0\u00bb. \u00a0Comme innovation, Libellule, le Cabinet de recrutement &amp; Conseil en ressources humaines, promoteur de ce salon, a lanc\u00e9 une campagne digitale sur cette th\u00e9matique. \u00a0<\/p>\n<\/div>\n<p>Auteur: APA News<br \/>\n<a href=\"https:\/\/www.journalducameroun.com\/cote-divoire-le-moral-arme-prisca-trey-percluse-des-jambes-depasse-son-handicap\/\">Cliquez ici pour lire l&rsquo;article depuis sa source.<\/a><\/p>\n","protected":false},"excerpt":{"rendered":"<p>Publi\u00e9 le 13.06.2021 \u00e0 19h18 par APA News L\u2019Ivoirienne Prisca Marie-Costance Trey, percluse des jambes, un handicap qui la contraint \u00e0 se d\u00e9placer en fauteuil roulant, estime qu&rsquo;\u00a0\u00bb\u00eatre handicap\u00e9 ne doit pas \u00eatre un frein \u00e0 la vie de chacun\u00a0\u00bb. En d\u00e9pit de sa mobilit\u00e9 r\u00e9duite, Prisca Trey, ne s\u2019apitoie pas sur son sort. Pour [&hellip;]<\/p>\n","protected":false},"author":1965,"featured_media":0,"comment_status":"closed","ping_status":"closed","sticky":false,"template":"","format":"standard","meta":{"fifu_image_url":"","fifu_image_alt":"","footnotes":""},"categories":[73,82],"tags":[],"class_list":["post-118536","post","type-post","status-publish","format-standard","hentry","category-actualite","category-cameroun"],"_links":{"self":[{"href":"https:\/\/linitiative.ca\/International\/wp-json\/wp\/v2\/posts\/118536","targetHints":{"allow":["GET"]}}],"collection":[{"href":"https:\/\/linitiative.ca\/International\/wp-json\/wp\/v2\/posts"}],"about":[{"href":"https:\/\/linitiative.ca\/International\/wp-json\/wp\/v2\/types\/post"}],"author":[{"embeddable":true,"href":"https:\/\/linitiative.ca\/International\/wp-json\/wp\/v2\/users\/1965"}],"replies":[{"embeddable":true,"href":"https:\/\/linitiative.ca\/International\/wp-json\/wp\/v2\/comments?post=118536"}],"version-history":[{"count":0,"href":"https:\/\/linitiative.ca\/International\/wp-json\/wp\/v2\/posts\/118536\/revisions"}],"wp:attachment":[{"href":"https:\/\/linitiative.ca\/International\/wp-json\/wp\/v2\/media?parent=118536"}],"wp:term":[{"taxonomy":"category","embeddable":true,"href":"https:\/\/linitiative.ca\/International\/wp-json\/wp\/v2\/categories?post=118536"},{"taxonomy":"post_tag","embeddable":true,"href":"https:\/\/linitiative.ca\/International\/wp-json\/wp\/v2\/tags?post=118536"}],"curies":[{"name":"wp","href":"https:\/\/api.w.org\/{rel}","templated":true}]}}