{"id":118537,"date":"2021-06-13T15:18:02","date_gmt":"2021-06-13T19:18:02","guid":{"rendered":"https:\/\/linitiative.ca\/International\/cote-divoire-le-mot-dordre-de-greve-des-gerants-de-stations-service-suspendu\/"},"modified":"2021-06-13T15:18:02","modified_gmt":"2021-06-13T19:18:02","slug":"cote-divoire-le-mot-dordre-de-greve-des-gerants-de-stations-service-suspendu","status":"publish","type":"post","link":"https:\/\/linitiative.ca\/International\/cote-divoire-le-mot-dordre-de-greve-des-gerants-de-stations-service-suspendu\/","title":{"rendered":"C\u00f4te d\u2019Ivoire: le mot d\u2019ordre de gr\u00e8ve des g\u00e9rants de stations-service suspendu"},"content":{"rendered":"<div readability=\"32\">\n<p>Publi\u00e9 le 13.06.2021 \u00e0 20h18 par APA News<\/p>\n<\/div>\n<div readability=\"67\">\n<p>L\u2019Organisation des g\u00e9rants de stations-service de C\u00f4te d\u2019Ivoire (OGSCI) a annonc\u00e9 dimanche la suspension de son mot d\u2019ordre de gr\u00e8ve pr\u00e9vu du 14 au 16 juin 2020, \u00e0 la suite d\u2019un \u00e9change avec le ministre de tutelle.<\/p>\n<p>\u00ab\u00a0Suite au mot d\u2019ordre de gr\u00e8ve lanc\u00e9 par l\u2019OGSCI le 31 mai 2021, le ministre des Mines, du p\u00e9trole et de l\u2019\u00e9nergie, Thomas Camara, a re\u00e7u en audience le bureau pour une s\u00e9ance de travail, le vendredi 11 juin 2021\u00a0\u00bb, indique l\u2019organisation dans un communiqu\u00e9.\u00a0<\/p>\n<p>Selon le communiqu\u00e9 sign\u00e9 par M. Fofana Kolodjo, pr\u00e9sident de l\u2019organisation syndicale, \u00ab\u00a0\u00e0 la suite des \u00e9changes, l\u2019OGSCI a d\u00e9cid\u00e9 de la suspension de son mot d\u2019ordre de gr\u00e8ve \u00a0initialement pr\u00e9vu du lundi 14 au mercredi 16 juin 2021\u00a0\u00bb.\u00a0<\/p>\n<p>\u00ab\u00a0L\u2019OGSCI invite par cons\u00e9quent tous les g\u00e9rants de station-service de C\u00f4te d\u2019Ivoire \u00e0 lever le mot d\u2019ordre de gr\u00e8ve et \u00e0 maintenir les points de vente ouverts jusqu\u2019\u00e0 nouvel ordre\u00a0\u00bb, poursuit le communiqu\u00e9.\u00a0<\/p>\n<p>L\u2019organisation qui \u00ab\u00a0tient d\u00e9j\u00e0 \u00e0 remercier\u00a0\u00bb le ministre de tutelle qui a \u00ab\u00a0d\u00e9cid\u00e9 de pr\u00eater une oreille attentive \u00e0 leur situation\u00a0\u00bb, note que \u00ab\u00a0les discussions sont toujours en cours avec la tutelle en vue de trouver une issue favorable et d\u00e9finitive \u00e0 leurs pr\u00e9occupations\u00a0\u00bb. \u00a0 \u00a0 \u00a0 \u00a0\u00a0<\/p>\n<p>Le m\u00e9contentement des g\u00e9rants de stations-service de C\u00f4te d\u2019Ivoire intervient dans un contexte o\u00f9 le pays fait face \u00e0 un d\u00e9ficit \u00e9nerg\u00e9tique qui a entra\u00een\u00e9 un rationnement de l\u2019\u00e9lectricit\u00e9 sur tout le territoire national.\u00a0<\/p>\n<\/div>\n<p>Auteur: APA News<br \/>\n<a href=\"https:\/\/www.journalducameroun.com\/cote-divoire-le-mot-dordre-de-greve-des-gerants-de-stations-service-suspendu\/\">Cliquez ici pour lire l&rsquo;article depuis sa source.<\/a><\/p>\n","protected":false},"excerpt":{"rendered":"<p>Publi\u00e9 le 13.06.2021 \u00e0 20h18 par APA News L\u2019Organisation des g\u00e9rants de stations-service de C\u00f4te d\u2019Ivoire (OGSCI) a annonc\u00e9 dimanche la suspension de son mot d\u2019ordre de gr\u00e8ve pr\u00e9vu du 14 au 16 juin 2020, \u00e0 la suite d\u2019un \u00e9change avec le ministre de tutelle. \u00ab\u00a0Suite au mot d\u2019ordre de gr\u00e8ve lanc\u00e9 par l\u2019OGSCI le [&hellip;]<\/p>\n","protected":false},"author":1965,"featured_media":0,"comment_status":"closed","ping_status":"closed","sticky":false,"template":"","format":"standard","meta":{"fifu_image_url":"","fifu_image_alt":"","footnotes":""},"categories":[73,82],"tags":[],"class_list":["post-118537","post","type-post","status-publish","format-standard","hentry","category-actualite","category-cameroun"],"_links":{"self":[{"href":"https:\/\/linitiative.ca\/International\/wp-json\/wp\/v2\/posts\/118537","targetHints":{"allow":["GET"]}}],"collection":[{"href":"https:\/\/linitiative.ca\/International\/wp-json\/wp\/v2\/posts"}],"about":[{"href":"https:\/\/linitiative.ca\/International\/wp-json\/wp\/v2\/types\/post"}],"author":[{"embeddable":true,"href":"https:\/\/linitiative.ca\/International\/wp-json\/wp\/v2\/users\/1965"}],"replies":[{"embeddable":true,"href":"https:\/\/linitiative.ca\/International\/wp-json\/wp\/v2\/comments?post=118537"}],"version-history":[{"count":0,"href":"https:\/\/linitiative.ca\/International\/wp-json\/wp\/v2\/posts\/118537\/revisions"}],"wp:attachment":[{"href":"https:\/\/linitiative.ca\/International\/wp-json\/wp\/v2\/media?parent=118537"}],"wp:term":[{"taxonomy":"category","embeddable":true,"href":"https:\/\/linitiative.ca\/International\/wp-json\/wp\/v2\/categories?post=118537"},{"taxonomy":"post_tag","embeddable":true,"href":"https:\/\/linitiative.ca\/International\/wp-json\/wp\/v2\/tags?post=118537"}],"curies":[{"name":"wp","href":"https:\/\/api.w.org\/{rel}","templated":true}]}}