{"id":118538,"date":"2021-06-13T16:18:01","date_gmt":"2021-06-13T20:18:01","guid":{"rendered":"https:\/\/linitiative.ca\/International\/loci-appelle-le-pe-a-jouer-un-role-positif-et-eviter-dexacerber-la-crise-entre-le-maroc-et-lespagne\/"},"modified":"2021-06-13T16:18:01","modified_gmt":"2021-06-13T20:18:01","slug":"loci-appelle-le-pe-a-jouer-un-role-positif-et-eviter-dexacerber-la-crise-entre-le-maroc-et-lespagne","status":"publish","type":"post","link":"https:\/\/linitiative.ca\/International\/loci-appelle-le-pe-a-jouer-un-role-positif-et-eviter-dexacerber-la-crise-entre-le-maroc-et-lespagne\/","title":{"rendered":"L\u2019OCI appelle le PE \u00e0 jouer un r\u00f4le positif et \u00e9viter d\u2019exacerber la crise entre le Maroc et l\u2019Espagne"},"content":{"rendered":"<div readability=\"32\">\n<p>Publi\u00e9 le 13.06.2021 \u00e0 21h18 par APA News<\/p>\n<\/div>\n<div readability=\"78\">\n<p>Le secr\u00e9tariat g\u00e9n\u00e9ral de l\u2019Organisation de la coop\u00e9ration islamique (OCI) a appel\u00e9, dimanche, le Parlement europ\u00e9en (PE) \u00e0 jouer un r\u00f4le positif et \u00e9viter d\u2019exacerber la crise bilat\u00e9rale entre le Maroc et l\u2019Espagne.Dans un communiqu\u00e9, l\u2019OCI a \u00e9galement exhort\u00e9 le Parlement europ\u00e9en \u00e0 privil\u00e9gier le dialogue rationnel de mani\u00e8re \u00e0 garantir les int\u00e9r\u00eats des deux parties \u00e0 la crise, \u00e0 travers des n\u00e9gociations bilat\u00e9rales et le respect des principes de bon voisinage.<\/p>\n<p>Suite \u00e0 une r\u00e9solution du Parlement europ\u00e9en sur la crise entre le Royaume du Maroc et l\u2019Espagne, l\u2019OCI a affirm\u00e9 son soutien total au Maroc, notant que Rabat est demeur\u00e9 engag\u00e9 dans sa politique constructive de lutte contre l\u2019immigration clandestine et la traite des \u00eatres humains.<\/p>\n<p>Le secr\u00e9tariat g\u00e9n\u00e9ral de l\u2019Organisation de la coop\u00e9ration islamique avait salu\u00e9, dans un pr\u00e9c\u00e9dent communiqu\u00e9, la d\u00e9cision du Roi Mohammed VI du retour de tous les mineurs marocains non accompagn\u00e9s en situation irr\u00e9guli\u00e8re dans certains pays de l\u2019Union europ\u00e9enne.<\/p>\n<p>Plusieurs pays et organisations internationales ont exprim\u00e9 leur soutien au Maroc suite \u00e0 la r\u00e9solution de parlement europ\u00e9en, vot\u00e9 jeudi dernier, dans laquelle il \u00ab exprime son rejet de l\u2019utilisation par le Maroc des contr\u00f4les aux fronti\u00e8res et des migrations, et en particulier, des mineurs non accompagn\u00e9s, comme moyen d\u2019exercer une pression politique contre un Etat membre de l\u2019Union \u00bb.<\/p>\n<p>La r\u00e9solution du PE \u00ab d\u00e9plore en particulier que des enfants, des mineurs non accompagn\u00e9s et des familles aient franchi massivement la fronti\u00e8re entre le Maroc et la ville espagnole de Ceuta, mettant ainsi leur vie et leur s\u00e9curit\u00e9 clairement en p\u00e9ril \u00bb. Elle regrette \u00ab l\u2019aggravation de la crise politique et diplomatique, et esp\u00e8re qu\u2019elle ne portera atteinte ni aux relations strat\u00e9giques, multidimensionnelles et privil\u00e9gi\u00e9es de voisinage entre le Royaume du Maroc et l\u2019Union europ\u00e9enne et ses \u00c9tats membres, ni \u00e0 la coop\u00e9ration de longue date fond\u00e9e sur la confiance dans les domaines de la lutte contre le terrorisme, la traite des \u00eatres humains et le trafic de drogue, de la migration et des politiques commerciales \u00bb.<\/p>\n<p>La r\u00e9solution appelle \u00e0 un \u00ab apaisement des tensions et au retour \u00e0 un partenariat constructif et fiable entre l\u2019Union et le Maroc \u00bb, plaidant pour la poursuite du d\u00e9veloppement de cette relation fond\u00e9e sur \u00ab la confiance et le respect mutuels \u00bb.<\/p>\n<\/div>\n<p>Auteur: APA News<br \/>\n<a href=\"https:\/\/www.journalducameroun.com\/loci-appelle-le-pe-a-jouer-un-role-positif-et-eviter-dexacerber-la-crise-entre-le-maroc-et-lespagne\/\">Cliquez ici pour lire l&rsquo;article depuis sa source.<\/a><\/p>\n","protected":false},"excerpt":{"rendered":"<p>Publi\u00e9 le 13.06.2021 \u00e0 21h18 par APA News Le secr\u00e9tariat g\u00e9n\u00e9ral de l\u2019Organisation de la coop\u00e9ration islamique (OCI) a appel\u00e9, dimanche, le Parlement europ\u00e9en (PE) \u00e0 jouer un r\u00f4le positif et \u00e9viter d\u2019exacerber la crise bilat\u00e9rale entre le Maroc et l\u2019Espagne.Dans un communiqu\u00e9, l\u2019OCI a \u00e9galement exhort\u00e9 le Parlement europ\u00e9en \u00e0 privil\u00e9gier le dialogue rationnel [&hellip;]<\/p>\n","protected":false},"author":1965,"featured_media":0,"comment_status":"closed","ping_status":"closed","sticky":false,"template":"","format":"standard","meta":{"fifu_image_url":"","fifu_image_alt":"","footnotes":""},"categories":[73,82],"tags":[],"class_list":["post-118538","post","type-post","status-publish","format-standard","hentry","category-actualite","category-cameroun"],"_links":{"self":[{"href":"https:\/\/linitiative.ca\/International\/wp-json\/wp\/v2\/posts\/118538","targetHints":{"allow":["GET"]}}],"collection":[{"href":"https:\/\/linitiative.ca\/International\/wp-json\/wp\/v2\/posts"}],"about":[{"href":"https:\/\/linitiative.ca\/International\/wp-json\/wp\/v2\/types\/post"}],"author":[{"embeddable":true,"href":"https:\/\/linitiative.ca\/International\/wp-json\/wp\/v2\/users\/1965"}],"replies":[{"embeddable":true,"href":"https:\/\/linitiative.ca\/International\/wp-json\/wp\/v2\/comments?post=118538"}],"version-history":[{"count":0,"href":"https:\/\/linitiative.ca\/International\/wp-json\/wp\/v2\/posts\/118538\/revisions"}],"wp:attachment":[{"href":"https:\/\/linitiative.ca\/International\/wp-json\/wp\/v2\/media?parent=118538"}],"wp:term":[{"taxonomy":"category","embeddable":true,"href":"https:\/\/linitiative.ca\/International\/wp-json\/wp\/v2\/categories?post=118538"},{"taxonomy":"post_tag","embeddable":true,"href":"https:\/\/linitiative.ca\/International\/wp-json\/wp\/v2\/tags?post=118538"}],"curies":[{"name":"wp","href":"https:\/\/api.w.org\/{rel}","templated":true}]}}