{"id":118539,"date":"2021-06-13T16:18:02","date_gmt":"2021-06-13T20:18:02","guid":{"rendered":"https:\/\/linitiative.ca\/International\/maroc-le-roi-mohammed-vi-ordonne-la-mise-en-place-dun-dispositif-daccompagnement-des-mre\/"},"modified":"2021-06-13T16:18:02","modified_gmt":"2021-06-13T20:18:02","slug":"maroc-le-roi-mohammed-vi-ordonne-la-mise-en-place-dun-dispositif-daccompagnement-des-mre","status":"publish","type":"post","link":"https:\/\/linitiative.ca\/International\/maroc-le-roi-mohammed-vi-ordonne-la-mise-en-place-dun-dispositif-daccompagnement-des-mre\/","title":{"rendered":"Maroc : Le Roi Mohammed VI ordonne la mise en place d\u2019un dispositif d\u2019accompagnement des MRE"},"content":{"rendered":"<div readability=\"32\">\n<p>Publi\u00e9 le 13.06.2021 \u00e0 21h18 par APA News<\/p>\n<\/div>\n<div readability=\"64\">\n<p>Le Roi Mohammed VI a donn\u00e9 ses instructions \u00e0 la Fondation Mohammed V pour la Solidarit\u00e9, afin qu\u2019un dispositif sp\u00e9cial d\u2019accompagnement soit mis \u00e0 la disposition des membres de la communaut\u00e9 marocaine r\u00e9sidant \u00e0 l\u2019\u00e9tranger, \u00e0 bord des navires op\u00e9rant la travers\u00e9e, en vue de leur assurer les meilleures conditions de travers\u00e9e et de d\u00e9barquement, indique dimanche un communiqu\u00e9 du Cabinet royal.Ce dispositif a pour objectif de faciliter, pendant la travers\u00e9e, l\u2019ensemble des formalit\u00e9s administratives, douani\u00e8res et sanitaires, afin que le voyage, l\u2019arriv\u00e9e et le s\u00e9jour au Maroc se passent de mani\u00e8re s\u00fbre, fluide et satisfaisante, pr\u00e9cise la m\u00eame source.<\/p>\n<p>Les autres modalit\u00e9s traditionnelles d\u2019accueil et d\u2019assistance d\u00e9ploy\u00e9es par la Fondation Mohammed V pour la Solidarit\u00e9, au Maroc et \u00e0 l\u2019\u00e9tranger, resteront en vigueur, fait-on savoir.<\/p>\n<p>Par ailleurs, le Souverain ch\u00e9rifien a donn\u00e9 ses instructions afin que les Ambassades et les Consulats G\u00e9n\u00e9raux du Royaume du Maroc \u00e0 l\u2019\u00e9tranger se mobilisent dans cette op\u00e9ration.<\/p>\n<p>\u00ab Ainsi, les repr\u00e9sentations diplomatiques et consulaires sont appel\u00e9es \u00e0 faciliter toutes les d\u00e9marches consulaires et administratives requises par les concitoyens marocains et les \u00e9trangers souhaitant visiter le Maroc, et \u00e0 r\u00e9pondre de mani\u00e8re efficace \u00e0 leurs demandes et attentes \u00bb, conclut le communiqu\u00e9.<\/p>\n<\/div>\n<p>Auteur: APA News<br \/>\n<a href=\"https:\/\/www.journalducameroun.com\/maroc-le-roi-mohammed-vi-ordonne-la-mise-en-place-dun-dispositif-daccompagnement-des-mre\/\">Cliquez ici pour lire l&rsquo;article depuis sa source.<\/a><\/p>\n","protected":false},"excerpt":{"rendered":"<p>Publi\u00e9 le 13.06.2021 \u00e0 21h18 par APA News Le Roi Mohammed VI a donn\u00e9 ses instructions \u00e0 la Fondation Mohammed V pour la Solidarit\u00e9, afin qu\u2019un dispositif sp\u00e9cial d\u2019accompagnement soit mis \u00e0 la disposition des membres de la communaut\u00e9 marocaine r\u00e9sidant \u00e0 l\u2019\u00e9tranger, \u00e0 bord des navires op\u00e9rant la travers\u00e9e, en vue de leur assurer [&hellip;]<\/p>\n","protected":false},"author":1965,"featured_media":0,"comment_status":"closed","ping_status":"closed","sticky":false,"template":"","format":"standard","meta":{"fifu_image_url":"","fifu_image_alt":"","footnotes":""},"categories":[73,82],"tags":[],"class_list":["post-118539","post","type-post","status-publish","format-standard","hentry","category-actualite","category-cameroun"],"_links":{"self":[{"href":"https:\/\/linitiative.ca\/International\/wp-json\/wp\/v2\/posts\/118539","targetHints":{"allow":["GET"]}}],"collection":[{"href":"https:\/\/linitiative.ca\/International\/wp-json\/wp\/v2\/posts"}],"about":[{"href":"https:\/\/linitiative.ca\/International\/wp-json\/wp\/v2\/types\/post"}],"author":[{"embeddable":true,"href":"https:\/\/linitiative.ca\/International\/wp-json\/wp\/v2\/users\/1965"}],"replies":[{"embeddable":true,"href":"https:\/\/linitiative.ca\/International\/wp-json\/wp\/v2\/comments?post=118539"}],"version-history":[{"count":0,"href":"https:\/\/linitiative.ca\/International\/wp-json\/wp\/v2\/posts\/118539\/revisions"}],"wp:attachment":[{"href":"https:\/\/linitiative.ca\/International\/wp-json\/wp\/v2\/media?parent=118539"}],"wp:term":[{"taxonomy":"category","embeddable":true,"href":"https:\/\/linitiative.ca\/International\/wp-json\/wp\/v2\/categories?post=118539"},{"taxonomy":"post_tag","embeddable":true,"href":"https:\/\/linitiative.ca\/International\/wp-json\/wp\/v2\/tags?post=118539"}],"curies":[{"name":"wp","href":"https:\/\/api.w.org\/{rel}","templated":true}]}}