{"id":11854,"date":"2019-02-06T15:14:14","date_gmt":"2019-02-06T20:14:14","guid":{"rendered":"https:\/\/linitiative.ca\/International\/ligue-1-2-nahd-le-nasria-a-saoura-sans-ses-cadres\/"},"modified":"2019-02-06T15:14:14","modified_gmt":"2019-02-06T20:14:14","slug":"ligue-1-2-nahd-le-nasria-a-saoura-sans-ses-cadres","status":"publish","type":"post","link":"https:\/\/linitiative.ca\/International\/ligue-1-2-nahd-le-nasria-a-saoura-sans-ses-cadres\/","title":{"rendered":"Ligue 1 &amp; 2 : NAHD : Le Nasria \u00e0 Saoura sans ses cadres"},"content":{"rendered":"<div readability=\"32\">\n<p>Auteur : <span>Rachid C.<\/span> <span class=\"time\">mercredi 06 f\u00e9vrier 2019 11:57<\/span><\/p>\n<\/div>\n<div id=\"post_core\" readability=\"119\">\n<p>Comme c\u2019\u00e9tait pr\u00e9vu, le premier responsable de la barre technique a d\u00e9cid\u00e9 de faire le d\u00e9placement \u00e0 B\u00e9char sans ses cadres. Selon une source g\u00e9n\u00e9ralement bien inform\u00e9e, pas moins de cinq \u00e9l\u00e9ments titularis\u00e9s dimanche dernier face \u00e0 l\u2019Atl\u00e9tico P\u00e9troles \u00e0 l&rsquo;occasion de la 1re\u00a0 journ\u00e9e de la phase des poules de la Coupe de la CAF ont \u00e9t\u00e9 m\u00e9nag\u00e9s. En plus du jeune Imad Azzi qui revient \u00e0 peine de blessure, Naoufel Khacef, Abdelghani Khiat, Chamseddine Harrag, Ahmed Gasmi et Faouzi Yaya ont tous \u00e9t\u00e9 laiss\u00e9s \u00e0 Alger. Meziane Ighil a pris cette d\u00e9cision apr\u00e8s m\u00fbre r\u00e9flexion et cela afin de leur permettre de r\u00e9cup\u00e9rer leurs forces et \u00eatre du coup au top de leur forme lors du prochain rendez-vous de leur club pr\u00e9vu pour la semaine prochaine en Egypte, lorsqu&rsquo;ils iront d\u00e9fier le Zamalek en Alexandrie.<\/p>\n<p><strong>Revoil\u00e0 Oukkal, Belaid, Bousmaha, Mouaki et Zerdoum<\/strong><br \/>Pour remplacer les \u00e9l\u00e9ments cit\u00e9s en haut, l\u2019ancien s\u00e9lectionneur national a d\u00e9cid\u00e9 de faire appel \u00e0 Ilyes Oukkel, Zinedine Belaid, Nabil Bousmaha, Dadi El Hocine Mouaki et Redouane Zerdoum. Dans une meilleure condition physique\u00a0 par rapport \u00e0 leurs co\u00e9quipiers,\u00a0 ils sont face \u00e0 une bonne occasion pour gagner quelques minutes dans les jambes et la confiance de l\u2019entra\u00eeneur en chef et ses adjoints en pr\u00e9vision des prochaines \u00e9ch\u00e9ances. A eux de se montrer \u00e0 la hauteur et de la saisir.<\/p>\n<p><strong>Khacef s\u2019est bless\u00e9 avec l\u2019EN olympique<\/strong><br \/>En stage depuis avant-hier avec la s\u00e9lection nationale olympique, Naoufel Khacef vient de rallonger la liste des joueurs bless\u00e9s. A l\u2019instar de Chamseddine Harrag, l\u2019arri\u00e8re lat\u00e9ral gauche souffre lui aussi au niveau de la cheville. Un nouveau coup dur pour les Sang et Or qui ne sont toujours pas fix\u00e9s sur la dur\u00e9e de son indisponibilit\u00e9. Pour pallier son absence, le coach devra certainement faire appel \u00e0 Belgacem Brahimi qui s\u2019est content\u00e9 de suivre le dernier match du NAHD \u00e0 partir du banc des rempla\u00e7ants.\u00a0\u00a0\u00a0\u00a0\u00a0\u00a0 \u00a0<br \/><strong>Gasmi m\u00e9nag\u00e9<\/strong><br \/>Pour ce qui est du capitaine Ahmed Gasmi, auteur d\u2019un match plein dimanche en Coupe de la CAF Total, il ne souffre que de l\u00e9g\u00e8res douleurs. Selon une source cr\u00e9dible, il aurait pu tenir son r\u00f4le le plus normalement du monde, mais l\u2019entra\u00eeneur en chef a pr\u00e9f\u00e9r\u00e9 le pr\u00e9server pour le match de mercredi prochain qui opposera les Sang et Or au Zamalek. Auteur d\u00e9j\u00e0 de cinq buts en comp\u00e9tition africaine, l\u2019ancien Usmiste a beaucoup contribu\u00e9 \u00e0 la qualification des siens pour la phase de poules et tous les espoirs sont plac\u00e9s sur lui afin de mener son \u00e9quipe le plus loin possible. \u00a0<br \/>\u00a0<\/p>\n<p><strong>Bousmaha : \u00abJe me comporterai en professionnel\u00bb<\/strong><\/p>\n<p>cpArriv\u00e9 cet hiver en provenance de la JSS, Nabil Bousmaha a eu la sympathie de nous accorder quelques minutes de son temps pour r\u00e9pondre \u00e0 nos questions. Le milieu de terrain a \u00e9voqu\u00e9 plusieurs sujets, notamment le rendez-vous de ce jeudi. Un match particulier \u00e0 ses yeux du moment qu\u2019il sera face \u00e0 son ancienne \u00e9quipe, la JSS.\u00a0\u00a0 \u00a0<br \/><strong>Comment s\u2019est d\u00e9roul\u00e9e votre adaptation jusque-l\u00e0 ?<\/strong><br \/>Les joueurs et l\u2019entourage du club m\u2019ont facilit\u00e9 la t\u00e2che. C\u2019est pour vous dire que je ne me sens pas un \u00e9tranger dans ce groupe, surtout que mes co\u00e9quipiers sont des fils de bonne famille, il n\u2019y eu et il n&rsquo;y aura aucun probl\u00e8me d\u2019adaptation. Personnellement, je ne ressens pas trop de diff\u00e9rence. Une excellente ambiance r\u00e8gne au sein du NAHD.<br \/><strong>Le fait que le Nasria soit engag\u00e9 sur trois fronts vous a permis de gagner rapidement la confiance du coach, n\u2019est-ce\u00a0 pas ?<\/strong><br \/>Oui, vous avez enti\u00e8rement raison. On joue en moyenne une empoignade tous les trois jours. L\u2019entra\u00eeneur en chef est donc oblig\u00e9 de faire tourner l\u2019effectif afin d\u2019\u00e9viter la fatigue aux joueurs. C\u2019est mon premier mois au club et j\u2019ai d\u00e9j\u00e0 disput\u00e9 trois matchs. C\u2019est vraiment encourageant pour la suite. Si j\u2019ai \u00e9t\u00e9 engag\u00e9, c\u2019est pour apporter un plus. Je suis toujours \u00e0 la disposition des membres du staff technique.\u00a0 \u00a0<br \/><strong>Votre \u00e9quipe s\u2019est impos\u00e9e lors de sa derni\u00e8re sortie face \u00e0 l\u2019Atl\u00e9tico P\u00e9troleos, comment avez-vous trouv\u00e9 vos camarades ce jour-l\u00e0 ?<\/strong><br \/>Sinc\u00e8rement, ils ont rendu une copie parfaite. Ils ont r\u00e9alis\u00e9 un match d\u2019hommes. J\u2019ai suivi l\u2019int\u00e9gralit\u00e9 de la rencontre. Ils \u00e9taient sup\u00e9rieurs \u00e0 l\u2019adversaire. La victoire \u00e9tait nette est sans bavure, le score aurait pu \u00eatre plus lourd, malheureusement, l\u2019arbitre de la partie nous a refus\u00e9 un but valable. Ce succ\u00e8s va nous permettre de nous rendre en Egypte avec un moral gonfl\u00e9 \u00e0 bloc et pourquoi ne pas accrocher Zamalek\u00a0 chez lui et devant son public. \u00a0<br \/><strong>Vous ne pouvez pas prendre part \u00e0 cette comp\u00e9tition du moment que vous avez d\u00e9j\u00e0 particip\u00e9 \u00e0 la Champions League Orange avec votre ancien club, quel est votre sentiment ?<\/strong><br \/>Vous ne pouvez pas imaginer ma d\u00e9ception. J\u2019aurais vraiment envie d\u2019\u00eatre pr\u00e9sent avec mes camarades, h\u00e9las, les lois de la CAF sont claires en ce qui concerne ce sujet. Je n\u2019ai pas le choix. Je dois prendre mon mal en patience et se contenter des matchs de la Coupe d\u2019Alg\u00e9rie et du championnat. De toute fa\u00e7on, je suis de tout mon c\u0153ur avec eux, je leur fait enti\u00e8rement confiance. Ils ont les moyens pour d\u00e9passer ce tour et atteindre les quarts de finale.\u00a0\u00a0 \u00a0<br \/><strong>Sur un plan personnel, la prochaine rencontre ne va pas \u00eatre comme toutes les autres puisque vous allez affronter votre ancienne \u00e9quipe, la JSS, un commentaire ?<\/strong><br \/>Vous savez tous que j\u2019ai pass\u00e9 de bons moments \u00e0 la JSS, mais je d\u00e9fends maintenant les couleurs du Nasria. C\u2019est avec un grand plaisir que je retrouverai la JSS, mon ancienne \u00e9quipe, mais je vais me comporter en professionnel et aider mon \u00e9quipe \u00e0 revenir de B\u00e9char avec un r\u00e9sultat probant.<br \/>\u00a0<\/p>\n<p><strong>Harrag et Yaya pr\u00e9sents en tenue de ville<\/strong><br \/>Comme nous l\u2019avons d\u00e9j\u00e0 annonc\u00e9, c\u2019est hier matin que les Sang et Or ont entam\u00e9 les pr\u00e9paratifs en pr\u00e9vision de leur prochaine rencontre qui les opposera demain \u00e0 B\u00e9char\u00a0 face \u00e0 l\u2019\u00e9quipe locale. La s\u00e9ance qui s\u2019est d\u00e9roul\u00e9e au centre d\u2019entra\u00eenement de Bensiam a \u00e9t\u00e9 caract\u00e9ris\u00e9e par la pr\u00e9sence de Chamseddine Harrag et Faouzi Yaya en tenues de ville. Pour rappel, le premier souffre d\u2019une entorse au\u00a0 niveau de la cheville, quant au second, il aurait b\u00e9n\u00e9fici\u00e9 d\u2019une journ\u00e9e de repos suppl\u00e9mentaire pour r\u00e9cup\u00e9rer ses forces, lui qui a pris part \u00e0 l\u2019int\u00e9gralit\u00e9 des quatre derniers matchs.<br \/>\u00a0<br \/><strong>Gasmi a effectu\u00e9 une s\u00e9ance de soins<\/strong><br \/>Pr\u00e9sent hier matin au centre d\u2019entra\u00eenement de Bensiam, le capitaine Ahmed Gasmi n\u2019a pas pris part \u00e0 la s\u00e9ance effectu\u00e9e par ses co\u00e9quipiers. Soumis \u00e0 un programme sp\u00e9cifique, l\u2019enfant de Skikda s\u2019est content\u00e9 d\u2019une s\u00e9ance de soins et de massage avant de rentrer chez lui. Si tout se passe comme pr\u00e9vu, c&rsquo;est lors des prochaines heures qu&rsquo;il se joindra une nouvelle fois \u00e0 ses camarades.<br \/>\u00a0<br \/><strong>El-Orfi poursuit l\u2019entra\u00eenement individuel<\/strong><br \/>Compl\u00e8tement r\u00e9tabli de la blessure dont il a souffert pendant de nombreuses semaines au niveau du genou, le retour de Hocine El-Orfi \u00e0 la comp\u00e9tition officielle n\u2019est que question de temps. Hier, l\u2019ancien international s\u2019est content\u00e9 de quelques tours de piste avant d\u2019effectuer une s\u00e9ance individuelle. Forfait pour le rendez-vous de demain, il devra \u00eatre parmi le groupe qui se rendra le dimanche en Egypte pour croiser le fer au Zamalak en Coupe de la CAF Total.<br \/>\u00a0<br \/><strong>L\u2019\u00e9quipe r\u00e9serve se rendra par route \u00e0 B\u00e9char<\/strong><br \/>Contrairement \u00e0 l\u2019\u00e9quipe premi\u00e8re qui se trouve depuis hier soir \u00e0 B\u00e9char, c\u2019est ce matin que l\u2019\u00e9quipe r\u00e9serve va prendre la route pour le sud. Le d\u00e9part est pr\u00e9vu vers 5h et ce n\u2019est qu\u2019en fin d\u2019apr\u00e8s-midi que les membres de la d\u00e9l\u00e9gation nahdiste vont arriver \u00e0 leur lieu d\u2019h\u00e9bergement. Les prot\u00e9g\u00e9s de Hacen Belhadj devront rejoindre directement leurs chambres afin de d\u00e9poser leurs valises avant d\u2019enfiler leurs tenues pour effectuer une s\u00e9ance de d\u00e9crassage. \u00a0<br \/>\u00a0<\/p>\n<p><strong>Publi\u00e9 dans :<\/strong> <span>Nahd<\/span> <span>Belaid<\/span> <span>Bousmaha<\/span> <span>ukkal<\/span> <span>Mouaki et Zerdoum<\/span><\/p>\n<\/div>\n","protected":false},"excerpt":{"rendered":"<p>Auteur : Rachid C. mercredi 06 f\u00e9vrier 2019 11:57 Comme c\u2019\u00e9tait pr\u00e9vu, le premier responsable de la barre technique a d\u00e9cid\u00e9 de faire le d\u00e9placement \u00e0 B\u00e9char sans ses cadres. Selon une source g\u00e9n\u00e9ralement bien inform\u00e9e, pas moins de cinq \u00e9l\u00e9ments titularis\u00e9s dimanche dernier face \u00e0 l\u2019Atl\u00e9tico P\u00e9troles \u00e0 l&rsquo;occasion de la 1re\u00a0 journ\u00e9e de [&hellip;]<\/p>\n","protected":false},"author":1738,"featured_media":11855,"comment_status":"closed","ping_status":"closed","sticky":false,"template":"","format":"standard","meta":{"fifu_image_url":"","fifu_image_alt":"","footnotes":""},"categories":[53,75],"tags":[],"class_list":["post-11854","post","type-post","status-publish","format-standard","has-post-thumbnail","hentry","category-algerie","category-sport"],"_links":{"self":[{"href":"https:\/\/linitiative.ca\/International\/wp-json\/wp\/v2\/posts\/11854","targetHints":{"allow":["GET"]}}],"collection":[{"href":"https:\/\/linitiative.ca\/International\/wp-json\/wp\/v2\/posts"}],"about":[{"href":"https:\/\/linitiative.ca\/International\/wp-json\/wp\/v2\/types\/post"}],"author":[{"embeddable":true,"href":"https:\/\/linitiative.ca\/International\/wp-json\/wp\/v2\/users\/1738"}],"replies":[{"embeddable":true,"href":"https:\/\/linitiative.ca\/International\/wp-json\/wp\/v2\/comments?post=11854"}],"version-history":[{"count":0,"href":"https:\/\/linitiative.ca\/International\/wp-json\/wp\/v2\/posts\/11854\/revisions"}],"wp:featuredmedia":[{"embeddable":true,"href":"https:\/\/linitiative.ca\/International\/wp-json\/"}],"wp:attachment":[{"href":"https:\/\/linitiative.ca\/International\/wp-json\/wp\/v2\/media?parent=11854"}],"wp:term":[{"taxonomy":"category","embeddable":true,"href":"https:\/\/linitiative.ca\/International\/wp-json\/wp\/v2\/categories?post=11854"},{"taxonomy":"post_tag","embeddable":true,"href":"https:\/\/linitiative.ca\/International\/wp-json\/wp\/v2\/tags?post=11854"}],"curies":[{"name":"wp","href":"https:\/\/api.w.org\/{rel}","templated":true}]}}