{"id":118540,"date":"2021-06-13T18:24:21","date_gmt":"2021-06-13T22:24:21","guid":{"rendered":"https:\/\/linitiative.ca\/International\/gestion-des-forets-lallemagne-mets-80-milliards-de-fcfa-au-profit-de-la-comifac\/"},"modified":"2021-06-13T18:24:21","modified_gmt":"2021-06-13T22:24:21","slug":"gestion-des-forets-lallemagne-mets-80-milliards-de-fcfa-au-profit-de-la-comifac","status":"publish","type":"post","link":"https:\/\/linitiative.ca\/International\/gestion-des-forets-lallemagne-mets-80-milliards-de-fcfa-au-profit-de-la-comifac\/","title":{"rendered":"Gestion des for\u00eats : l\u2019Allemagne mets 80 milliards de Fcfa au profit de la Comifac"},"content":{"rendered":"<p>L\u2019un des points forts ayant marqu\u00e9 la c\u00e9r\u00e9monie d\u2019installation des nouveaux membres statutaires de la Commission des for\u00eats d\u2019Afrique centrale (Comifac) est l\u2019annonce de la mise \u00e0 disposition prochaine d\u2019une enveloppe de 80 milliards de Fcfa par l\u2019Allemagne, au profit de cet organisme. L\u2019annonce a \u00e9t\u00e9 faite par l\u2019Ambassadeur de la R\u00e9publique f\u00e9d\u00e9rale d\u2019Allemagne au Cameroun, son Excellence Corinna Fricke. Cet appui financier de l\u2019Allemagne servira \u00e0 la r\u00e9alisation des projets li\u00e9s \u00e0 la conservation durable des for\u00eats d\u2019Afrique centrale.<\/p>\n<p><strong>Lire aussi :<\/strong> <strong><a href=\"https:\/\/ecomatin.net\/protection-de-la-nature-le-fonds-pour-lenvironnement-accorde-72-milliards-de-fcfa-au-cameroun\/\">Protection de la nature : le fonds pour l\u2019environnement accorde 7,2 milliards de Fcfa au Cameroun<\/a><\/strong><\/p>\n<p>L\u2019accompagnement de l\u2019Allemagne dans la gestion des for\u00eats en Afrique centrale, existe depuis 2003 et classe ce pays parmi les trois partenaires bilat\u00e9raux engag\u00e9s dans la pr\u00e9servation des \u00e9cosyst\u00e8mes en Afrique Centrale. Les principales institutions financi\u00e8res agissant dans le cadre de celle-ci \u00e9tant la GIZ et la KFW. Outre les appuis financiers dont b\u00e9n\u00e9ficie le Comifac en provenance de ce pays ami, l\u2019organisme sous-r\u00e9gional obtient aussi des appuis d\u2019ordre institutionnels, organisationnels et techniques.<\/p>\n<p><strong>Lire aussi : <a href=\"https:\/\/ecomatin.net\/les-pays-du-bassin-du-congo-veulent-interdire-lexportation-du-bois-en-grumes\/\">Les pays du bassin du Congo veulent interdire l\u2019exportation du bois en grumes<\/a><\/strong><\/p>\n<p><strong>Appuis<\/strong><\/p>\n<p>En termes d\u2019appuis l\u2019on peut noter sur le plan institutionnel, la signature le 15 juin 2020, par Gabriela Bennemann charg\u00e9e d\u2019Affaires \u00e0 l\u2019Ambassade de la R\u00e9publique F\u00e9d\u00e9rale d\u2019Allemagne aupr\u00e8s du Cameroun et Raymond Ndomba Ngoye Secr\u00e9taire Ex\u00e9cutif de la Comifac, d\u2019un accord de coop\u00e9ration au d\u00e9veloppement. Accord qui avait pour objectifs de d\u00e9velopper des relations sur des bases transparentes et \u00e9quitables afin de satisfaire \u00e0 la volont\u00e9 des chefs d\u2019\u00c9tat des pays membres de la COMIFAC ; de concilier les imp\u00e9ratifs de d\u00e9veloppement \u00e9conomique et social avec la conservation de la diversit\u00e9 biologique et la gestion durable des \u00e9cosyst\u00e8mes forestiers dans le cadre d\u2019une coop\u00e9ration r\u00e9gionale et internationale bien comprise.<\/p>\n<p><strong>Lire aussi :<\/strong> <strong><a href=\"https:\/\/ecomatin.net\/un-plan-triennal-pour-ameliorer-la-transparence-dans-les-processus-redd-et-apv-fleg\/\">Un plan triennal pour am\u00e9liorer la transparence dans les processus Redd+ et APV Fleg<\/a><\/strong><\/p>\n<p>Sur le volet financier, l\u2019on peut noter la signature le 19 d\u00e9cembre 2019, un accord de financement d\u2019un montant de 10 millions d\u2019euros (soit pr\u00e8s de 6,559 milliards de Fcfa) pour la seconde phase du Programme de promotion de l\u2019exploitation certifi\u00e9e des for\u00eats (PPECF). A c\u00f4t\u00e9 de cet accord l\u2019on peut aussi noter le financement du plan de convergence de la Comifac de m\u00eame que le programme de gestion des for\u00eats du Bassin du Congo, qui b\u00e9n\u00e9ficie aussi d\u2019un financement de la part du minist\u00e8re allemand de la coop\u00e9ration (BMZ).<\/p>\n<p>Auteur: Cindy MBALA<br \/>\n<a href=\"https:\/\/ecomatin.net\/relance-post-covid-le-maire-de-douala-tend-la-main-au-secteurr-prive\/\">Cliquez ici pour lire l&rsquo;article depuis sa source.<\/a><\/p>\n","protected":false},"excerpt":{"rendered":"<p>L\u2019un des points forts ayant marqu\u00e9 la c\u00e9r\u00e9monie d\u2019installation des nouveaux membres statutaires de la Commission des for\u00eats d\u2019Afrique centrale (Comifac) est l\u2019annonce de la mise \u00e0 disposition prochaine d\u2019une enveloppe de 80 milliards de Fcfa par l\u2019Allemagne, au profit de cet organisme. L\u2019annonce a \u00e9t\u00e9 faite par l\u2019Ambassadeur de la R\u00e9publique f\u00e9d\u00e9rale d\u2019Allemagne au [&hellip;]<\/p>\n","protected":false},"author":1969,"featured_media":0,"comment_status":"closed","ping_status":"closed","sticky":false,"template":"","format":"standard","meta":{"fifu_image_url":"","fifu_image_alt":"","footnotes":""},"categories":[82,78],"tags":[],"class_list":["post-118540","post","type-post","status-publish","format-standard","hentry","category-cameroun","category-economie"],"_links":{"self":[{"href":"https:\/\/linitiative.ca\/International\/wp-json\/wp\/v2\/posts\/118540","targetHints":{"allow":["GET"]}}],"collection":[{"href":"https:\/\/linitiative.ca\/International\/wp-json\/wp\/v2\/posts"}],"about":[{"href":"https:\/\/linitiative.ca\/International\/wp-json\/wp\/v2\/types\/post"}],"author":[{"embeddable":true,"href":"https:\/\/linitiative.ca\/International\/wp-json\/wp\/v2\/users\/1969"}],"replies":[{"embeddable":true,"href":"https:\/\/linitiative.ca\/International\/wp-json\/wp\/v2\/comments?post=118540"}],"version-history":[{"count":0,"href":"https:\/\/linitiative.ca\/International\/wp-json\/wp\/v2\/posts\/118540\/revisions"}],"wp:attachment":[{"href":"https:\/\/linitiative.ca\/International\/wp-json\/wp\/v2\/media?parent=118540"}],"wp:term":[{"taxonomy":"category","embeddable":true,"href":"https:\/\/linitiative.ca\/International\/wp-json\/wp\/v2\/categories?post=118540"},{"taxonomy":"post_tag","embeddable":true,"href":"https:\/\/linitiative.ca\/International\/wp-json\/wp\/v2\/tags?post=118540"}],"curies":[{"name":"wp","href":"https:\/\/api.w.org\/{rel}","templated":true}]}}