{"id":118542,"date":"2021-06-13T12:25:09","date_gmt":"2021-06-13T16:25:09","guid":{"rendered":"https:\/\/linitiative.ca\/International\/lancien-dg-de-la-sonara-charles-metouck-poursuivit-pour-un-detournement-de-39-milliards\/"},"modified":"2021-06-13T12:25:09","modified_gmt":"2021-06-13T16:25:09","slug":"lancien-dg-de-la-sonara-charles-metouck-poursuivit-pour-un-detournement-de-39-milliards","status":"publish","type":"post","link":"https:\/\/linitiative.ca\/International\/lancien-dg-de-la-sonara-charles-metouck-poursuivit-pour-un-detournement-de-39-milliards\/","title":{"rendered":"L\u2019ancien DG de la Sonara Charles Metouck poursuivit pour un d\u00e9tournement de 39 milliards"},"content":{"rendered":"<p>Le Tribunal proc\u00e8de \u00e0 la v\u00e9rification de la pr\u00e9sence de chaque accus\u00e9. A l\u2019appel de son nom, Charles Metouck quitte l\u2019assistance et s\u2019installe dans le box au pr\u00e9toire. Il est rejoint progressivement par ses coaccus\u00e9s. Il \u00e9coute, la t\u00eate baiss\u00e9,\u00a0\u00a0les bras\u00a0\u00a0contre le dossier de son si\u00e8ge les membres de la coll\u00e9gialit\u00e9. Le 09 juin, le Tribunal criminel sp\u00e9cial (TCS) a rendu publique, la d\u00e9cision en rapport avec la demande de main lev\u00e9e du mandat de d\u00e9tention provisoire formul\u00e9e par son coaccus\u00e9, sieur Edinguel\u00e9 Edinguel\u00e9 Jean.<\/p>\n<p>Lire aussi : <strong><a href=\"https:\/\/ecomatin.net\/justice-lex-dg-de-la-sonara-condamne-a-15-ans-de-prison-pour-une-affaire-de-108-millions-f\/\">Justice: l\u2019ex-DG de la Sonara condamn\u00e9 \u00e0 15 ans de prison pour une affaire de 108 millions F.cfa<\/a><\/strong><\/p>\n<p>Dans le cadre de cette affaire, le mise en cause est poursuivi avec Charles Metouck pour l\u2019infraction de coaction de d\u00e9tournement\u00a0\u00a0de la somme de 8,540 milliards de Fcfa. Infraction commise \u00ab\u00a0en violation des dispositions sur l\u2019ex\u00e9cution de passation des march\u00e9s publics\u00a0\u00bb. Les faits en cause ont \u00e9t\u00e9 datent de la p\u00e9riode allant de 2007 \u00e0 2010.<\/p>\n<p>Le Tribunal reproche \u00e9galement \u00e0 Charles Metouck, l\u2019infraction de d\u00e9tournement de la somme de 39,479 milliards de Fcfa. A cela s\u2019ajoute les faits de complicit\u00e9, \u00e0 l\u2019origine d\u2019une perte financi\u00e8re enregistr\u00e9e \u00e0 hauteur de 2,793 milliards de Fcfa. Les paiements en d\u00e9passement des cr\u00e9dits disponibles, l\u2019absence des pi\u00e8ces justificatives, sont, entre autres, les irr\u00e9gularit\u00e9s ayant conduits selon le Tribunal, \u00e0 la commission desdites infractions.<\/p>\n<p><strong>Lire aussi :<\/strong> <strong><a href=\"https:\/\/ecomatin.net\/incendie-de-la-sonara-letat-et-la-scdp-se-frottent-les-mains\/\">Incendie de la Sonara : l\u2019Etat et la SCDP se frottent les mains<\/a><\/strong><\/p>\n<p>Dans la cadre de cette affaire, Charles Metouck, Edinguel\u00e9 Edinguel\u00e9 Jean, Makamtse Ngatchessi V\u00e9ronique, Yemwo Molo Godefroy, John Ebong Ngolle, Moue Mbeleck Mich\u00e8le sont poursuivis par le Minist\u00e8re public, l\u2019Etat du Cameroun et la Soci\u00e9t\u00e9 nationale des raffinages (Sonara). Ils r\u00e9pondent des faits de\u00a0<em>d\u00e9tournement de biens publics en coaction et complicit\u00e9.<\/em><\/p>\n<p>Le Tribunal a rejet\u00e9 la demande de main lev\u00e9e de d\u00e9tention provisoire \u00e0 elle adress\u00e9e par l\u2019avocat de sieur Edingul\u00e9 Edinguel\u00e9, parce que \u00ab\u00a0non fond\u00e9e\u00a0\u00bb. L\u2019audience du 09 juin a \u00e9t\u00e9 suspendue, et la suite de la cause programm\u00e9e pour le 04 ao\u00fbt prochain.\u00a0\u00a0<\/p>\n<p><strong>Lire aussi :<\/strong> <strong><a href=\"https:\/\/ecomatin.net\/projet-dextension-de-la-sonara-performance-plus-innovation-realisera-laudit-a-raison-de-405-millions-de-f\/\">Projet d\u2019extension de la Sonara : Performance Plus Innovation r\u00e9alisera l\u2019audit \u00e0 raison de 405 millions de F<\/a><\/strong><\/p>\n<p>Auteur: EcoMatin<br \/>\n<a href=\"https:\/\/ecomatin.net\/lancien-dg-de-la-sonara-charles-metouck-poursuivit-pour-un-detournement-de-39-milliards\/\">Cliquez ici pour lire l&rsquo;article depuis sa source.<\/a><\/p>\n","protected":false},"excerpt":{"rendered":"<p>Le Tribunal proc\u00e8de \u00e0 la v\u00e9rification de la pr\u00e9sence de chaque accus\u00e9. A l\u2019appel de son nom, Charles Metouck quitte l\u2019assistance et s\u2019installe dans le box au pr\u00e9toire. Il est rejoint progressivement par ses coaccus\u00e9s. Il \u00e9coute, la t\u00eate baiss\u00e9,\u00a0\u00a0les bras\u00a0\u00a0contre le dossier de son si\u00e8ge les membres de la coll\u00e9gialit\u00e9. Le 09 juin, le [&hellip;]<\/p>\n","protected":false},"author":1969,"featured_media":0,"comment_status":"closed","ping_status":"closed","sticky":false,"template":"","format":"standard","meta":{"fifu_image_url":"","fifu_image_alt":"","footnotes":""},"categories":[82,78],"tags":[],"class_list":["post-118542","post","type-post","status-publish","format-standard","hentry","category-cameroun","category-economie"],"_links":{"self":[{"href":"https:\/\/linitiative.ca\/International\/wp-json\/wp\/v2\/posts\/118542","targetHints":{"allow":["GET"]}}],"collection":[{"href":"https:\/\/linitiative.ca\/International\/wp-json\/wp\/v2\/posts"}],"about":[{"href":"https:\/\/linitiative.ca\/International\/wp-json\/wp\/v2\/types\/post"}],"author":[{"embeddable":true,"href":"https:\/\/linitiative.ca\/International\/wp-json\/wp\/v2\/users\/1969"}],"replies":[{"embeddable":true,"href":"https:\/\/linitiative.ca\/International\/wp-json\/wp\/v2\/comments?post=118542"}],"version-history":[{"count":0,"href":"https:\/\/linitiative.ca\/International\/wp-json\/wp\/v2\/posts\/118542\/revisions"}],"wp:attachment":[{"href":"https:\/\/linitiative.ca\/International\/wp-json\/wp\/v2\/media?parent=118542"}],"wp:term":[{"taxonomy":"category","embeddable":true,"href":"https:\/\/linitiative.ca\/International\/wp-json\/wp\/v2\/categories?post=118542"},{"taxonomy":"post_tag","embeddable":true,"href":"https:\/\/linitiative.ca\/International\/wp-json\/wp\/v2\/tags?post=118542"}],"curies":[{"name":"wp","href":"https:\/\/api.w.org\/{rel}","templated":true}]}}