{"id":118543,"date":"2021-06-14T08:36:38","date_gmt":"2021-06-14T12:36:38","guid":{"rendered":"https:\/\/linitiative.ca\/International\/visas-pour-la-france-ouverture-des-demandes-de-renouvellement-a-compter-du-15-juin-2021\/"},"modified":"2021-06-14T08:36:38","modified_gmt":"2021-06-14T12:36:38","slug":"visas-pour-la-france-ouverture-des-demandes-de-renouvellement-a-compter-du-15-juin-2021","status":"publish","type":"post","link":"https:\/\/linitiative.ca\/International\/visas-pour-la-france-ouverture-des-demandes-de-renouvellement-a-compter-du-15-juin-2021\/","title":{"rendered":"Visas pour la France : Ouverture des demandes de renouvellement \u00e0 compter du 15 juin 2021"},"content":{"rendered":"<header>\n<\/header>\n<div class=\"entry-content clearfix\" readability=\"36.580291970803\">\n<figure class=\"post-thumbnail\" itemprop=\"associatedMedia\" itemscope=\"itemscope\" itemtype=\"http:\/\/schema.org\/ImageObject\"><img decoding=\"async\" class=\"post_layout_5_img\" src=\"http:\/\/aujourdhui.ma\/wp-content\/uploads\/2021\/02\/Visas-France-Coronavirus.jpg\" alt=\"Visas pour la France : Ouverture des demandes de renouvellement \u00e0 compter du 15 juin 2021\"\/><\/figure>\n<p><span class=\"c6\"><strong>Les rendez-vous pour les demandes de renouvellement de visa de court s\u00e9jour d\u2019une dur\u00e9e d\u2019un an ou plus \u00e9mis par la France sont ouverts \u00e0 partir du mardi 15 juin 2021.<\/strong><\/span><span id=\"more-379052\"\/><\/p>\n<p>C\u2019est ce que vient d\u2019annoncer l\u2019ambassade de France ajoutant qu\u2019il convient d\u2019effectuer la demande en ligne sur le site France-Visas avant toute prise de rendez-vous chez TLS. L\u2019ambassade de France pr\u00e9cise toutefois que les titulaires d\u2019un visa ne sont pas automatiquement autoris\u00e9s \u00e0 voyager en France et doivent respecter les conditions d\u2019entr\u00e9e sur le territoire fran\u00e7ais au regard de la vaccination. A ce titre, un lien (<span class=\"c8\"><strong><a class=\"c7\" href=\"https:\/\/france-visas.gouv.fr\/fr_FR\/web\/france-visas\" target=\"_blank\" rel=\"noopener noreferrer\">https:\/\/france-visas.gouv.fr\/fr_FR\/web\/france-visas<\/a><\/strong><\/span>) a \u00e9t\u00e9 mis \u00e0 la disposition des demandeurs pour les guider dans leur d\u00e9marche et les assister \u00e0 chaque \u00e9tape cl\u00e9 de la demande de visa.<\/p>\n<\/div>\n<p>Auteur: ALM<br \/>\n<a href=\"https:\/\/aujourdhui.ma\/actualite\/visas-pour-la-france-ouverture-des-demandes-de-renouvellement-a-compter-du-15-juin-2021\">Cliquez ici pour lire l&rsquo;article depuis sa source.<\/a><\/p>\n","protected":false},"excerpt":{"rendered":"<p>Les rendez-vous pour les demandes de renouvellement de visa de court s\u00e9jour d\u2019une dur\u00e9e d\u2019un an ou plus \u00e9mis par la France sont ouverts \u00e0 partir du mardi 15 juin 2021. C\u2019est ce que vient d\u2019annoncer l\u2019ambassade de France ajoutant qu\u2019il convient d\u2019effectuer la demande en ligne sur le site France-Visas avant toute prise de [&hellip;]<\/p>\n","protected":false},"author":1759,"featured_media":0,"comment_status":"closed","ping_status":"closed","sticky":false,"template":"","format":"standard","meta":{"fifu_image_url":"http:\/\/aujourdhui.ma\/wp-content\/uploads\/2021\/02\/Visas-France-Coronavirus.jpg","fifu_image_alt":"Visas pour la France : Ouverture des demandes de renouvellement \u00e0 compter du 15 juin 2021","footnotes":""},"categories":[73,54],"tags":[],"class_list":["post-118543","post","type-post","status-publish","format-standard","hentry","category-actualite","category-maroc"],"_links":{"self":[{"href":"https:\/\/linitiative.ca\/International\/wp-json\/wp\/v2\/posts\/118543","targetHints":{"allow":["GET"]}}],"collection":[{"href":"https:\/\/linitiative.ca\/International\/wp-json\/wp\/v2\/posts"}],"about":[{"href":"https:\/\/linitiative.ca\/International\/wp-json\/wp\/v2\/types\/post"}],"author":[{"embeddable":true,"href":"https:\/\/linitiative.ca\/International\/wp-json\/wp\/v2\/users\/1759"}],"replies":[{"embeddable":true,"href":"https:\/\/linitiative.ca\/International\/wp-json\/wp\/v2\/comments?post=118543"}],"version-history":[{"count":0,"href":"https:\/\/linitiative.ca\/International\/wp-json\/wp\/v2\/posts\/118543\/revisions"}],"wp:attachment":[{"href":"https:\/\/linitiative.ca\/International\/wp-json\/wp\/v2\/media?parent=118543"}],"wp:term":[{"taxonomy":"category","embeddable":true,"href":"https:\/\/linitiative.ca\/International\/wp-json\/wp\/v2\/categories?post=118543"},{"taxonomy":"post_tag","embeddable":true,"href":"https:\/\/linitiative.ca\/International\/wp-json\/wp\/v2\/tags?post=118543"}],"curies":[{"name":"wp","href":"https:\/\/api.w.org\/{rel}","templated":true}]}}