{"id":118546,"date":"2021-06-14T11:17:31","date_gmt":"2021-06-14T15:17:31","guid":{"rendered":"https:\/\/linitiative.ca\/International\/la-situation-epidemiologique-au-14-juin-2021-a-16h00\/"},"modified":"2021-06-14T11:17:31","modified_gmt":"2021-06-14T15:17:31","slug":"la-situation-epidemiologique-au-14-juin-2021-a-16h00","status":"publish","type":"post","link":"https:\/\/linitiative.ca\/International\/la-situation-epidemiologique-au-14-juin-2021-a-16h00\/","title":{"rendered":"La situation \u00e9pid\u00e9miologique au 14 juin 2021 \u00e0 16H00"},"content":{"rendered":"<header>\n<\/header>\n<div class=\"entry-content clearfix\" readability=\"35\">\n<figure class=\"post-thumbnail\" itemprop=\"associatedMedia\" itemscope=\"itemscope\" itemtype=\"http:\/\/schema.org\/ImageObject\"><img decoding=\"async\" class=\"post_layout_5_img\" src=\"http:\/\/aujourdhui.ma\/wp-content\/uploads\/2020\/07\/Covid-19-115-nouveaux-cas-confirm\u00e9s-au-Maroc-15.194-au-total.jpg\" alt=\"La situation \u00e9pid\u00e9miologique au 14 juin 2021 \u00e0 16H00\"\/><\/figure>\n<p>109 nouveaux cas soit un cumul de 523.999 cas \u00e0 ce jour.<br \/>314 gu\u00e9risons soit un cumul de 511.440 \u00e0 ce jour.<br \/>2\u00a0 nouveaux d\u00e9c\u00e8s donc un cumul de 9.213 \u00e0 ce jour.<span id=\"more-379067\"\/><\/p>\n<p><strong>Nombre de personnes vaccin\u00e9es au 14 juin 16H00<\/strong><br \/>1\u00e8re dose<br \/>9 365 541<br \/>2\u00e8me dose<br \/>7 324 256<\/p>\n<p><a href=\"https:http:\/\/aujourdhui.ma\/wp-content\/uploads\/2021\/06\/14.6.21.COVID-19_Page_1.jpg\"><img decoding=\"async\" loading=\"lazy\" class=\"alignnone size-full wp-image-379068\" src=\"http:\/\/aujourdhui.ma\/wp-content\/uploads\/2021\/06\/14.6.21.COVID-19_Page_1.jpg\" alt=\"\" width=\"1654\" height=\"2339\" srcset=\"http:\/\/aujourdhui.ma\/wp-content\/uploads\/2021\/06\/14.6.21.COVID-19_Page_1.jpg 1654w, \/\/aujourdhui.ma\/wp-content\/uploads\/2021\/06\/14.6.21.COVID-19_Page_1-212x300.jpg 212w, \/\/aujourdhui.ma\/wp-content\/uploads\/2021\/06\/14.6.21.COVID-19_Page_1-724x1024.jpg 724w, \/\/aujourdhui.ma\/wp-content\/uploads\/2021\/06\/14.6.21.COVID-19_Page_1-768x1086.jpg 768w, \/\/aujourdhui.ma\/wp-content\/uploads\/2021\/06\/14.6.21.COVID-19_Page_1-1086x1536.jpg 1086w, \/\/aujourdhui.ma\/wp-content\/uploads\/2021\/06\/14.6.21.COVID-19_Page_1-1448x2048.jpg 1448w\" sizes=\"auto, (max-width: 1654px) 100vw, 1654px\"\/><\/a> <a href=\"https:http:\/\/aujourdhui.ma\/wp-content\/uploads\/2021\/06\/14.6.21.COVID-19_Page_2.jpg\"><img decoding=\"async\" loading=\"lazy\" class=\"alignnone size-full wp-image-379069\" src=\"http:\/\/aujourdhui.ma\/wp-content\/uploads\/2021\/06\/14.6.21.COVID-19_Page_2.jpg\" alt=\"\" width=\"1654\" height=\"2339\" srcset=\"http:\/\/aujourdhui.ma\/wp-content\/uploads\/2021\/06\/14.6.21.COVID-19_Page_2.jpg 1654w, \/\/aujourdhui.ma\/wp-content\/uploads\/2021\/06\/14.6.21.COVID-19_Page_2-212x300.jpg 212w, \/\/aujourdhui.ma\/wp-content\/uploads\/2021\/06\/14.6.21.COVID-19_Page_2-724x1024.jpg 724w, \/\/aujourdhui.ma\/wp-content\/uploads\/2021\/06\/14.6.21.COVID-19_Page_2-768x1086.jpg 768w, \/\/aujourdhui.ma\/wp-content\/uploads\/2021\/06\/14.6.21.COVID-19_Page_2-1086x1536.jpg 1086w, \/\/aujourdhui.ma\/wp-content\/uploads\/2021\/06\/14.6.21.COVID-19_Page_2-1448x2048.jpg 1448w\" sizes=\"auto, (max-width: 1654px) 100vw, 1654px\"\/><\/a> <a href=\"https:http:\/\/aujourdhui.ma\/wp-content\/uploads\/2021\/06\/14.6.21.COVID-19_Page_3.jpg\"><img decoding=\"async\" loading=\"lazy\" class=\"alignnone size-full wp-image-379070\" src=\"http:\/\/aujourdhui.ma\/wp-content\/uploads\/2021\/06\/14.6.21.COVID-19_Page_3.jpg\" alt=\"\" width=\"1654\" height=\"2339\" srcset=\"http:\/\/aujourdhui.ma\/wp-content\/uploads\/2021\/06\/14.6.21.COVID-19_Page_3.jpg 1654w, \/\/aujourdhui.ma\/wp-content\/uploads\/2021\/06\/14.6.21.COVID-19_Page_3-212x300.jpg 212w, \/\/aujourdhui.ma\/wp-content\/uploads\/2021\/06\/14.6.21.COVID-19_Page_3-724x1024.jpg 724w, \/\/aujourdhui.ma\/wp-content\/uploads\/2021\/06\/14.6.21.COVID-19_Page_3-768x1086.jpg 768w, \/\/aujourdhui.ma\/wp-content\/uploads\/2021\/06\/14.6.21.COVID-19_Page_3-1086x1536.jpg 1086w, \/\/aujourdhui.ma\/wp-content\/uploads\/2021\/06\/14.6.21.COVID-19_Page_3-1448x2048.jpg 1448w\" sizes=\"auto, (max-width: 1654px) 100vw, 1654px\"\/><\/a><\/p>\n<\/div>\n<p>Auteur: ALM<br \/>\n<a href=\"https:\/\/aujourdhui.ma\/societe\/la-situation-epidemiologique-au-14-juin-2021-a-16h00\">Cliquez ici pour lire l&rsquo;article depuis sa source.<\/a><\/p>\n","protected":false},"excerpt":{"rendered":"<p>109 nouveaux cas soit un cumul de 523.999 cas \u00e0 ce jour.314 gu\u00e9risons soit un cumul de 511.440 \u00e0 ce jour.2\u00a0 nouveaux d\u00e9c\u00e8s donc un cumul de 9.213 \u00e0 ce jour. Nombre de personnes vaccin\u00e9es au 14 juin 16H001\u00e8re dose9 365 5412\u00e8me dose7 324 256 Auteur: ALM Cliquez ici pour lire l&rsquo;article depuis sa source.<\/p>\n","protected":false},"author":1759,"featured_media":0,"comment_status":"closed","ping_status":"closed","sticky":false,"template":"","format":"standard","meta":{"fifu_image_url":"http:\/\/aujourdhui.ma\/wp-content\/uploads\/2020\/07\/Covid-19-115-nouveaux-cas-confirm\u00e9s-au-Maroc-15.194-au-total.jpg","fifu_image_alt":"La situation \u00e9pid\u00e9miologique au 14 juin 2021 \u00e0 16H00","footnotes":""},"categories":[73,54],"tags":[],"class_list":["post-118546","post","type-post","status-publish","format-standard","hentry","category-actualite","category-maroc"],"_links":{"self":[{"href":"https:\/\/linitiative.ca\/International\/wp-json\/wp\/v2\/posts\/118546","targetHints":{"allow":["GET"]}}],"collection":[{"href":"https:\/\/linitiative.ca\/International\/wp-json\/wp\/v2\/posts"}],"about":[{"href":"https:\/\/linitiative.ca\/International\/wp-json\/wp\/v2\/types\/post"}],"author":[{"embeddable":true,"href":"https:\/\/linitiative.ca\/International\/wp-json\/wp\/v2\/users\/1759"}],"replies":[{"embeddable":true,"href":"https:\/\/linitiative.ca\/International\/wp-json\/wp\/v2\/comments?post=118546"}],"version-history":[{"count":0,"href":"https:\/\/linitiative.ca\/International\/wp-json\/wp\/v2\/posts\/118546\/revisions"}],"wp:attachment":[{"href":"https:\/\/linitiative.ca\/International\/wp-json\/wp\/v2\/media?parent=118546"}],"wp:term":[{"taxonomy":"category","embeddable":true,"href":"https:\/\/linitiative.ca\/International\/wp-json\/wp\/v2\/categories?post=118546"},{"taxonomy":"post_tag","embeddable":true,"href":"https:\/\/linitiative.ca\/International\/wp-json\/wp\/v2\/tags?post=118546"}],"curies":[{"name":"wp","href":"https:\/\/api.w.org\/{rel}","templated":true}]}}