{"id":118549,"date":"2021-06-14T06:34:39","date_gmt":"2021-06-14T10:34:39","guid":{"rendered":"https:\/\/linitiative.ca\/International\/la-ram-offre-pres-de-25-millions-de-sieges\/"},"modified":"2021-06-14T06:34:39","modified_gmt":"2021-06-14T10:34:39","slug":"la-ram-offre-pres-de-25-millions-de-sieges","status":"publish","type":"post","link":"https:\/\/linitiative.ca\/International\/la-ram-offre-pres-de-25-millions-de-sieges\/","title":{"rendered":"La RAM offre pr\u00e8s de 2,5 millions de si\u00e8ges"},"content":{"rendered":"<p class=\"has-text-align-center has-vivid-red-color has-text-color\"><strong>Durant la p\u00e9riode du 15 juin au 15 septembre 2021<\/strong><\/p>\n<p><strong>La compagnie nationale Royal Air Maroc (RAM) a annonc\u00e9, vendredi, qu\u2019elle propose une offre de pr\u00e8s de 2,5 millions de si\u00e8ges pour la p\u00e9riode allant du 15 juin au 15 septembre 2021, contre 384.000 si\u00e8ges mis en place la m\u00eame p\u00e9riode de l\u2019ann\u00e9e derni\u00e8re.<\/strong><\/p>\n<p>Cette offre Et\u00e9 2021 repr\u00e9sente 72% de l\u2019offre r\u00e9alis\u00e9e sur la m\u00eame p\u00e9riode de 2019 (avant la crise du nouveau coronavirus), indique RAM dans un document, soulignant qu\u2019en d\u00e9pit des limitations du trafic en raison des restrictions sanitaires, RAM met en place un important dispositif pour accompagner la reprise des vols et permettre aux diff\u00e9rents clients de la compagnie (Marocains r\u00e9sidant \u00e0 l\u2019\u00e9tranger, \u00e9tudiants, r\u00e9sidents \u00e9trangers au Maroc et touristes) de voyager et de renouer le contact avec leurs familles.<\/p>\n<p>Ainsi, plus de 75 lignes internationales seront exploit\u00e9es cet \u00e9t\u00e9, fait savoir la m\u00eame source, ajoutant que ce nombre peut changer en fonction de l\u2019\u00e9volution de la pand\u00e9mie et du classement des pays.<\/p>\n<p>Ces lignes sont renforc\u00e9es par le r\u00e9seau domestique qui compte pr\u00e8s d\u2019une vingtaine de lignes dont les fr\u00e9quences ont \u00e9t\u00e9 renforc\u00e9es notamment sur Marrakech et Agadir, poursuit RAM.<\/p>\n<p>Pour r\u00e9pondre \u00e0 la forte demande des MRE, la compagnie nationale a renforc\u00e9 son programme de vols sur les principaux pays accueillant le plus de MRE. Elle programme, du 15 juin au 15 septembre 2021, quelque 315 fr\u00e9quences hebdomadaires reliant le Maroc aux cinq principaux pays o\u00f9 se concentrent les Marocains du monde (France, Italie, Espagne, Belgique et Royaume-Uni) au lieu de 71 fr\u00e9quences hebdomadaires l\u2019\u00e9t\u00e9 2020.<\/p>\n<p>Ainsi, RAM propose 162 fr\u00e9quences par semaine sur la France contre 49 r\u00e9alis\u00e9es dans la saison d\u2019\u00e9t\u00e9 2020. Elle programme \u00e9galement 76 fr\u00e9quences hebdomadaires en Espagne contre 8 et sur l\u2019Italie 35 fr\u00e9quences hebdomadaires contre 8 pendant l\u2019\u00e9t\u00e9 2020.<\/p>\n<p>De m\u00eame, la ligne directe Paris-Dakhla sera lanc\u00e9e \u00e0 partir du 18 juin. Gr\u00e2ce \u00e0 cette nouvelle route a\u00e9rienne, la compagnie nationale reliera, pour la premi\u00e8re fois, le continent europ\u00e9en (\u00e0 l\u2019exception des Iles Canaries) \u00e0 la ville de Dakhla, en moins de 04H30 de vol.<\/p>\n<p>Une \u00e0 deux fr\u00e9quences par semaine seront lanc\u00e9es dans un premier temps, fait savoir RAM, expliquant que cette nouvelle route touristique, initi\u00e9e en partenariat avec l\u2019Office national marocain du tourisme (ONMT) vise \u00e0 renforcer le positionnement \u00e9conomique strat\u00e9gique de la r\u00e9gion de Dakhla Oued Eddahab, tout en contribuant \u00e0 acc\u00e9l\u00e9rer la relance du secteur touristique.<\/p>\n<p>\u00ab\u00a0Royal Air Maroc a toujours accompagn\u00e9 le tourisme marocain. En ces temps de crise, il est n\u00e9cessaire de travailler ensemble pour la relance de ce secteur strat\u00e9gique pour notre pays. Cette nouvelle ligne directe permettra de faire profiter les visiteurs internationaux de la ville de Dakhla et de l\u2019exp\u00e9rience Maroc d\u00e8s l\u2019embarquement \u00e0 Paris\u00a0\u00bb, a soulign\u00e9 Hamid Addou, Pr\u00e9sident Directeur G\u00e9n\u00e9ral de RAM, cit\u00e9 par le document.<\/p>\n<p>Par ailleurs, la crise du covid-19 a \u00e9t\u00e9 l\u2019occasion pour RAM d\u2019acc\u00e9l\u00e9rer ses efforts de digitalisation, afin de s\u2019adapter aux nouveaux comportements des voyageurs. C\u2019est ainsi que plusieurs applications ont \u00e9t\u00e9 d\u00e9velopp\u00e9es, comme la presse digitale et la pr\u00e9commande en ligne des ventes \u00e0 bord.<\/p>\n<p>Des d\u00e9veloppements sont \u00e9galement en cours, aussi bien en interne qu\u2019avec des partenaires, pour digitaliser les nouveaux documents exig\u00e9s par le contexte tels que certificats de vaccination et r\u00e9sultats de tests<\/p>\n<p>La compagnie nationale rappelle aussi que, conform\u00e9ment aux recommandations des pouvoirs publics et aux normes internationales, elle met en place des mesures de s\u00e9curit\u00e9 sanitaire afin de garantir la sant\u00e9 et la s\u00e9curit\u00e9 de ses clients et de son personnel.<\/p>\n<p>En outre, RAM pr\u00e9cise que le port du masque est obligatoire et fait savoir que ses services proc\u00e8dent, entre autres, \u00e0 la d\u00e9sinfection r\u00e9guli\u00e8re de ses avions et de tous les espaces emprunt\u00e9s par les passagers depuis l\u2019enregistrement jusqu\u2019\u00e0 l\u2019embarquement, en parfaite coordination avec l\u2019Office national des A\u00e9roports (ONDA).<\/p>\n<p>De m\u00eame, les mesures de s\u00e9curit\u00e9 sanitaire sont extr\u00eamement respect\u00e9es durant l\u2019op\u00e9ration d\u2019embarquement comme le respect de la distanciation dans la zone d\u2019embarquement, dans les bus de transfert et dans les escabeaux et les passerelles, conclut la m\u00eame source.<\/p>\n<p>Auteur: M&rsquo;hammed rahal<br \/>\n<a href=\"http:\/\/albayane.press.ma\/la-ram-offre-pres-de-25-millions-de-sieges.html\">Cliquez ici pour lire l&rsquo;article depuis sa source.<\/a><\/p>\n","protected":false},"excerpt":{"rendered":"<p>Durant la p\u00e9riode du 15 juin au 15 septembre 2021 La compagnie nationale Royal Air Maroc (RAM) a annonc\u00e9, vendredi, qu\u2019elle propose une offre de pr\u00e8s de 2,5 millions de si\u00e8ges pour la p\u00e9riode allant du 15 juin au 15 septembre 2021, contre 384.000 si\u00e8ges mis en place la m\u00eame p\u00e9riode de l\u2019ann\u00e9e derni\u00e8re. Cette [&hellip;]<\/p>\n","protected":false},"author":1760,"featured_media":0,"comment_status":"closed","ping_status":"closed","sticky":false,"template":"","format":"standard","meta":{"fifu_image_url":"","fifu_image_alt":"","footnotes":""},"categories":[73,54],"tags":[],"class_list":["post-118549","post","type-post","status-publish","format-standard","hentry","category-actualite","category-maroc"],"_links":{"self":[{"href":"https:\/\/linitiative.ca\/International\/wp-json\/wp\/v2\/posts\/118549","targetHints":{"allow":["GET"]}}],"collection":[{"href":"https:\/\/linitiative.ca\/International\/wp-json\/wp\/v2\/posts"}],"about":[{"href":"https:\/\/linitiative.ca\/International\/wp-json\/wp\/v2\/types\/post"}],"author":[{"embeddable":true,"href":"https:\/\/linitiative.ca\/International\/wp-json\/wp\/v2\/users\/1760"}],"replies":[{"embeddable":true,"href":"https:\/\/linitiative.ca\/International\/wp-json\/wp\/v2\/comments?post=118549"}],"version-history":[{"count":0,"href":"https:\/\/linitiative.ca\/International\/wp-json\/wp\/v2\/posts\/118549\/revisions"}],"wp:attachment":[{"href":"https:\/\/linitiative.ca\/International\/wp-json\/wp\/v2\/media?parent=118549"}],"wp:term":[{"taxonomy":"category","embeddable":true,"href":"https:\/\/linitiative.ca\/International\/wp-json\/wp\/v2\/categories?post=118549"},{"taxonomy":"post_tag","embeddable":true,"href":"https:\/\/linitiative.ca\/International\/wp-json\/wp\/v2\/tags?post=118549"}],"curies":[{"name":"wp","href":"https:\/\/api.w.org\/{rel}","templated":true}]}}