{"id":118550,"date":"2021-06-14T06:36:32","date_gmt":"2021-06-14T10:36:32","guid":{"rendered":"https:\/\/linitiative.ca\/International\/maintien-des-resultats-du-tirage-au-sort-de-la-saison-1441-de-lhegire\/"},"modified":"2021-06-14T06:36:32","modified_gmt":"2021-06-14T10:36:32","slug":"maintien-des-resultats-du-tirage-au-sort-de-la-saison-1441-de-lhegire","status":"publish","type":"post","link":"https:\/\/linitiative.ca\/International\/maintien-des-resultats-du-tirage-au-sort-de-la-saison-1441-de-lhegire\/","title":{"rendered":"Maintien des r\u00e9sultats du tirage au sort de la saison 1441 de l\u2019h\u00e9gire"},"content":{"rendered":"<p class=\"has-text-align-center has-vivid-red-color has-text-color\"><strong>Commission royale charg\u00e9e du p\u00e8lerinage<\/strong><\/p>\n<p><strong>La Commission royale charg\u00e9e du p\u00e8lerinage a d\u00e9cid\u00e9 le maintien pour la prochaine saison du Haj des r\u00e9sultats du tirage au sort (listes des retenus et listes d\u2019attente de l\u2019organisation officielle et des agences de voyages touristiques) de la saison 1441 de l\u2019h\u00e9gire, a annonc\u00e9, samedi, le minist\u00e8re des Habous et des Affaires islamiques.<\/strong><\/p>\n<p>Dans un communiqu\u00e9, le minist\u00e8re pr\u00e9cise avoir \u00e9t\u00e9 inform\u00e9 par le minist\u00e8re saoudien du Haj de la d\u00e9cision des autorit\u00e9s saoudiennes de limiter l\u2019accomplissement du rite du p\u00e8lerinage de cette saison aux Saoudiens et aux r\u00e9sidents en Arabie saoudite de diff\u00e9rentes nationalit\u00e9s, en raison de la situation qui pr\u00e9vaut dans le monde avec la poursuite de l\u2019\u00e9volution de la pand\u00e9mie du coronavirus et l\u2019apparition de nouveaux variants, ainsi que des mises en garde de l\u2019Organisation mondiale de la sant\u00e9 (OMS) sur le danger de la hausse des contaminations parmi les populations, et ce conform\u00e9ment aux pr\u00e9ceptes de la Charia qui pr\u00f4nent la pr\u00e9servation de la vie humaine.<\/p>\n<p>A cet effet, le minist\u00e8re des Habous et des Affaires islamiques informe l\u2019ensemble des citoyens que la d\u00e9cision \u00e9manant de la Commission royale charg\u00e9e du p\u00e8lerinage, lors de sa r\u00e9union extraordinaire tenue le 23 juin 2020, relative au maintien des r\u00e9sultats de l\u2019op\u00e9ration du tirage au sort (listes des retenus et listes d\u2019attente de l\u2019organisation officielle et des agences de voyages touristiques) de la saison 1441 de l\u2019h\u00e9gire restera en vigueur pour la prochaine saison du Haj, conclut le communiqu\u00e9.<\/p>\n<p>Auteur: M&rsquo;hammed rahal<br \/>\n<a href=\"http:\/\/albayane.press.ma\/maintien-des-resultats-du-tirage-au-sort-de-la-saison-1441-de-lhegire.html\">Cliquez ici pour lire l&rsquo;article depuis sa source.<\/a><\/p>\n","protected":false},"excerpt":{"rendered":"<p>Commission royale charg\u00e9e du p\u00e8lerinage La Commission royale charg\u00e9e du p\u00e8lerinage a d\u00e9cid\u00e9 le maintien pour la prochaine saison du Haj des r\u00e9sultats du tirage au sort (listes des retenus et listes d\u2019attente de l\u2019organisation officielle et des agences de voyages touristiques) de la saison 1441 de l\u2019h\u00e9gire, a annonc\u00e9, samedi, le minist\u00e8re des Habous [&hellip;]<\/p>\n","protected":false},"author":1760,"featured_media":0,"comment_status":"closed","ping_status":"closed","sticky":false,"template":"","format":"standard","meta":{"fifu_image_url":"","fifu_image_alt":"","footnotes":""},"categories":[73,54],"tags":[],"class_list":["post-118550","post","type-post","status-publish","format-standard","hentry","category-actualite","category-maroc"],"_links":{"self":[{"href":"https:\/\/linitiative.ca\/International\/wp-json\/wp\/v2\/posts\/118550","targetHints":{"allow":["GET"]}}],"collection":[{"href":"https:\/\/linitiative.ca\/International\/wp-json\/wp\/v2\/posts"}],"about":[{"href":"https:\/\/linitiative.ca\/International\/wp-json\/wp\/v2\/types\/post"}],"author":[{"embeddable":true,"href":"https:\/\/linitiative.ca\/International\/wp-json\/wp\/v2\/users\/1760"}],"replies":[{"embeddable":true,"href":"https:\/\/linitiative.ca\/International\/wp-json\/wp\/v2\/comments?post=118550"}],"version-history":[{"count":0,"href":"https:\/\/linitiative.ca\/International\/wp-json\/wp\/v2\/posts\/118550\/revisions"}],"wp:attachment":[{"href":"https:\/\/linitiative.ca\/International\/wp-json\/wp\/v2\/media?parent=118550"}],"wp:term":[{"taxonomy":"category","embeddable":true,"href":"https:\/\/linitiative.ca\/International\/wp-json\/wp\/v2\/categories?post=118550"},{"taxonomy":"post_tag","embeddable":true,"href":"https:\/\/linitiative.ca\/International\/wp-json\/wp\/v2\/tags?post=118550"}],"curies":[{"name":"wp","href":"https:\/\/api.w.org\/{rel}","templated":true}]}}