{"id":118551,"date":"2021-06-14T06:48:41","date_gmt":"2021-06-14T10:48:41","guid":{"rendered":"https:\/\/linitiative.ca\/International\/mae-la-resolution-du-parlement-europeen-sinscrit-dans-une-logique-de-surenchere-politique-a-courte-vue\/"},"modified":"2021-06-14T06:48:41","modified_gmt":"2021-06-14T10:48:41","slug":"mae-la-resolution-du-parlement-europeen-sinscrit-dans-une-logique-de-surenchere-politique-a-courte-vue","status":"publish","type":"post","link":"https:\/\/linitiative.ca\/International\/mae-la-resolution-du-parlement-europeen-sinscrit-dans-une-logique-de-surenchere-politique-a-courte-vue\/","title":{"rendered":"MAE : \u00ab La r\u00e9solution du Parlement europ\u00e9en s\u2019inscrit dans une logique de surench\u00e8re politique \u00e0 courte vue \u00bb"},"content":{"rendered":"<p class=\"has-text-align-center has-vivid-red-color has-text-color\"><strong>Crise entre le Maroc et l\u2019Espagne<\/strong><\/p>\n<p><strong>La r\u00e9solution adopt\u00e9e jeudi par le Parlement europ\u00e9en (PE) ne change rien \u00e0 la nature politique de la crise bilat\u00e9rale entre le Maroc et l\u2019Espagne, a soulign\u00e9 vendredi le minist\u00e8re des Affaires \u00e9trang\u00e8res, de la Coop\u00e9ration africaine et des Marocains r\u00e9sidant \u00e0 l\u2019\u00e9tranger.<\/strong><\/p>\n<p>Dans un communiqu\u00e9, le minist\u00e8re a affirm\u00e9 que les tentatives d\u2019europ\u00e9anisation de cette crise sont vaines et n\u2019alt\u00e8rent aucunement sa nature purement bilat\u00e9rale, ses causes profondes et la responsabilit\u00e9 av\u00e9r\u00e9e de l\u2019Espagne dans son d\u00e9clenchement.<br \/>\u00ab\u00a0L\u2019instrumentalisation du Parlement europ\u00e9en dans cette crise est contreproductive. Loin de contribuer \u00e0 la solution, elle s\u2019inscrit dans une logique de surench\u00e8re politique \u00e0 courte vue\u00a0\u00bb, a relev\u00e9 le minist\u00e8re, ajoutant que cette man\u0153uvre, qui vise \u00e0 contourner le d\u00e9bat des raisons profondes de la crise, ne trompe personne.<br \/>Pour le minist\u00e8re, la r\u00e9solution est en d\u00e9phasage avec le registre exemplaire du Maroc en mati\u00e8re de coop\u00e9ration migratoire avec l\u2019Union europ\u00e9enne. \u00ab\u00a0Ce sont ceux-l\u00e0 m\u00eames qui tentent de critiquer le Maroc dans ce domaine qui tirent en r\u00e9alit\u00e9 profit des r\u00e9sultats concrets et quotidiens de la coop\u00e9ration sur le terrain\u00a0\u00bb, a-t-il soutenu.<br \/>En effet, a-t-il rappel\u00e9, nul en Europe ne peut mettre en cause la qualit\u00e9 du partenariat entre l\u2019Union europ\u00e9enne et le Maroc dans tous les domaines, y compris migratoire. Les chiffres sont l\u00e0 pour le confirmer (rien que depuis 2017, la coop\u00e9ration migratoire a permis l\u2019avortement de plus de 14.000 tentatives de migration irr\u00e9guli\u00e8re, le d\u00e9mant\u00e8lement de 5.000 r\u00e9seaux de trafics, le sauvetage de plus de 80.500 migrants en mer et l\u2019emp\u00eachement d\u2019innombrables tentatives d\u2019assaut), a poursuivi la m\u00eame source.<br \/>\u00ab\u00a0Le Maroc n\u2019a, du reste, pas besoin de caution dans sa gestion de la migration. La posture du professeur et de l\u2019\u00e9l\u00e8ve ne fonctionne plus. Le paternalisme est une impasse. Ce n\u2019est pas la punition ou la r\u00e9compense qui induit des comportements, mais la conviction d\u2019une responsabilit\u00e9 partag\u00e9e\u00a0\u00bb, a affirm\u00e9 le minist\u00e8re.<br \/>La r\u00e9solution du Parlement europ\u00e9en est, par ailleurs, contraire \u00e0 l\u2019esprit du partenariat entre le Royaume du Maroc et l\u2019Union europ\u00e9enne, a-t-il encha\u00een\u00e9, estimant qu\u2019en tentant de stigmatiser le Maroc, c\u2019est en r\u00e9alit\u00e9 le principe m\u00eame de partenariat qu\u2019elle fragilise. \u00ab\u00a0Elle d\u00e9montre, \u00e0 l\u2019\u00e9chelle du voisinage Sud de l\u2019UE, que m\u00eame les constructions les plus anciennes et les plus abouties peuvent faire l\u2019objet d\u2019actions inopportunes et opportunistes au Parlement europ\u00e9en\u00a0\u00bb, a-t-il dit.<br \/>\u00ab\u00a0Autant le Maroc est satisfait de sa relation avec l\u2019Union europ\u00e9enne, autant il consid\u00e8re que le probl\u00e8me demeure avec l\u2019Espagne, tant que les raisons de son d\u00e9clenchement n\u2019ont pas \u00e9t\u00e9 r\u00e9solues\u00a0\u00bb, a relev\u00e9 le minist\u00e8re, ajoutant que le Maroc n\u2019a jamais jug\u00e9 le partenariat avec l\u2019UE \u00e0 l\u2019aune d\u2019incidents conjoncturels mais sur la base d\u2019une action fiable qui s\u2019inscrit sur le long terme.<br \/>D\u2019ailleurs, la position des \u00c9tats membres de la Commission et du Service Ext\u00e9rieur a \u00e9t\u00e9 constructive quant au r\u00f4le cl\u00e9 du Maroc dans le partenariat euro-m\u00e9diterran\u00e9en et \u00e0 l\u2019appr\u00e9ciation positive de la coop\u00e9ration dans le domaine migratoire, a conclu le minist\u00e8re.<\/p>\n<p>Auteur: M&rsquo;hammed rahal<br \/>\n<a href=\"http:\/\/albayane.press.ma\/mae-la-resolution-du-parlement-europeen-sinscrit-dans-une-logique-de-surenchere-politique-a-courte-vue.html\">Cliquez ici pour lire l&rsquo;article depuis sa source.<\/a><\/p>\n","protected":false},"excerpt":{"rendered":"<p>Crise entre le Maroc et l\u2019Espagne La r\u00e9solution adopt\u00e9e jeudi par le Parlement europ\u00e9en (PE) ne change rien \u00e0 la nature politique de la crise bilat\u00e9rale entre le Maroc et l\u2019Espagne, a soulign\u00e9 vendredi le minist\u00e8re des Affaires \u00e9trang\u00e8res, de la Coop\u00e9ration africaine et des Marocains r\u00e9sidant \u00e0 l\u2019\u00e9tranger. Dans un communiqu\u00e9, le minist\u00e8re a [&hellip;]<\/p>\n","protected":false},"author":1760,"featured_media":0,"comment_status":"closed","ping_status":"closed","sticky":false,"template":"","format":"standard","meta":{"fifu_image_url":"","fifu_image_alt":"","footnotes":""},"categories":[73,54],"tags":[],"class_list":["post-118551","post","type-post","status-publish","format-standard","hentry","category-actualite","category-maroc"],"_links":{"self":[{"href":"https:\/\/linitiative.ca\/International\/wp-json\/wp\/v2\/posts\/118551","targetHints":{"allow":["GET"]}}],"collection":[{"href":"https:\/\/linitiative.ca\/International\/wp-json\/wp\/v2\/posts"}],"about":[{"href":"https:\/\/linitiative.ca\/International\/wp-json\/wp\/v2\/types\/post"}],"author":[{"embeddable":true,"href":"https:\/\/linitiative.ca\/International\/wp-json\/wp\/v2\/users\/1760"}],"replies":[{"embeddable":true,"href":"https:\/\/linitiative.ca\/International\/wp-json\/wp\/v2\/comments?post=118551"}],"version-history":[{"count":0,"href":"https:\/\/linitiative.ca\/International\/wp-json\/wp\/v2\/posts\/118551\/revisions"}],"wp:attachment":[{"href":"https:\/\/linitiative.ca\/International\/wp-json\/wp\/v2\/media?parent=118551"}],"wp:term":[{"taxonomy":"category","embeddable":true,"href":"https:\/\/linitiative.ca\/International\/wp-json\/wp\/v2\/categories?post=118551"},{"taxonomy":"post_tag","embeddable":true,"href":"https:\/\/linitiative.ca\/International\/wp-json\/wp\/v2\/tags?post=118551"}],"curies":[{"name":"wp","href":"https:\/\/api.w.org\/{rel}","templated":true}]}}