{"id":118552,"date":"2021-06-14T07:04:48","date_gmt":"2021-06-14T11:04:48","guid":{"rendered":"https:\/\/linitiative.ca\/International\/un-maroc-uni-et-fort\/"},"modified":"2021-06-14T07:04:48","modified_gmt":"2021-06-14T11:04:48","slug":"un-maroc-uni-et-fort","status":"publish","type":"post","link":"https:\/\/linitiative.ca\/International\/un-maroc-uni-et-fort\/","title":{"rendered":"Un Maroc uni et fort !"},"content":{"rendered":"<p class=\"has-text-align-left\"><strong>L\u2019Espagne tente de noyer le poisson et se d\u00e9rober de tout sens de mesure. Telle une naufrag\u00e9e, elle s\u2019agrippe \u00e0 toute \u00e9pave de sauvetage pour se refaire sa \u00ab virginit\u00e9 \u00bb d\u00e9mantel\u00e9e. Faisant appel \u00e0 l\u2019Europe, elle y va \u00e0 grandes enjamb\u00e9es, dans le but d\u2019y camoufler l\u2019embarras dont elle se macule jusqu\u2019\u00e0 la lie. Vilainement manipul\u00e9e par la clique militaire d\u2019Alger, la horde hostile de l\u2019ex\u00e9cutif ib\u00e9rique s\u2019ing\u00e9nie, cette fois-ci \u00e0 europ\u00e9aniser le conflit crise bilat\u00e9ral avec le Maroc, puisque des \u00abclients\u00bb de la m\u00eame malveillance \u00ab\u00a0immigrationniste\u00a0\u00bb des\u00a0 rouages de l\u2019antre des euro-d\u00e9put\u00e9s \u00e0 Strasbourg, se sont rang\u00e9s sans vergogne \u00e0 sa vile clownerie. L\u2019alignement de cette frange europ\u00e9enne sur la fourberie espagnole, sous pr\u00e9texte de l\u2019intrusion massive de nos concitoyens dans le sol de l\u2019enclave spoli\u00e9e de Sebta, d\u00e9voile l\u2019inimiti\u00e9 manifeste envers le royaume, stratifi\u00e9e dans les m\u00e9moires de certains courants x\u00e9nophobes.<\/strong><\/p>\n<p class=\"has-text-align-left\">Bien avant le vote instrumentalis\u00e9 sur la base de cet acte migratoire, le Souverain avait d\u00e9j\u00e0 coup\u00e9 l\u2019herbe sous les pieds de cette duperie, en ordonnant de mani\u00e8re solennelle, le rapatriement d\u00e9finitif des jeunes non accompagn\u00e9s, en vue de mettre un terme au quiproquo sur lequel s\u2019acharne le pr\u00e9texte ignoble des manipulateurs. Alors que le conflit hispano-marocain d\u2019abord strictement bilat\u00e9ral, r\u00e9side bien ailleurs, attis\u00e9 par d\u2019autres param\u00e8tres au sommet desquels s\u2019\u00e9rige, en particulier, la nostalgie de la cohorte coloniale \u00e0 l\u2018\u00e8re franquiste. Produisant une motion inappropri\u00e9e et irr\u00e9fl\u00e9chie, le parlement politique europ\u00e9en se met en antinomie avec le registre privil\u00e9gi\u00e9 que conf\u00e8re l\u2019Europe \u00e9conomique \u00e0 son alli\u00e9 strat\u00e9gique, se r\u00e9f\u00e9rant ainsi \u00e0 la fameuse formule qui disait : \u00ab\u00a0 L\u2019Europe est g\u00e9ante en \u00e9conomie, mais naine en politique ! \u00bb. C\u2019est dire, en fait, combien la d\u00e9putation europ\u00e9enne est fragilis\u00e9e par la menterie pr\u00e9dispos\u00e9e, sous les \u00ab pleurnicheries \u00bb espagnoles, tout en ignorant qu\u2019il s\u2019agit d\u2019un partenaire de choix sur les boucliers duquel s\u2019effilochent les assauts hargneux du terrorisme, de l\u2019\u00e9migration clandestine, du trafic de drogue et du banditisme. Par-ci, par-l\u00e0, des voix sages en p\u00e9ninsule et en Europe ont d\u00e9j\u00e0 d\u00e9cri\u00e9 cette attitude ingrate et fonci\u00e8rement d\u00e9sinvolte de la bande l\u00e9gislative, mettant davantage en crise les relations multilat\u00e9rales avec un associ\u00e9 g\u00e9ostrat\u00e9gique, au potentiel ind\u00e9niable. Face \u00e0 cette animosit\u00e9, notre pays, fort confort\u00e9 par l\u2019appui ind\u00e9fectible des entit\u00e9s panarabe.<\/p>\n<p class=\"has-text-align-left\">Panafricaine et pangolfique, fait illico, conc\u00e9der des pertes consid\u00e9rables \u00e0 l\u2019ex\u00e9cutif espagnol, en soustrayant ses ports de transit de l\u2019op\u00e9ration estivale \u00ab\u00a0Marhaba\u00a0\u00bb. Une mesure qui n\u2019est, en effet, qu\u2019un pr\u00e9lude d\u2019autres r\u00e9actions qui lui, sans doute, co\u00fbteraient cher, \u00e0 la veille de l\u2019accord d\u2019association des p\u00eaches. Au fait, en for\u00e7ant l\u2019attendrissement \u00e9motionnel du parlement de l\u2019Europe en se croyant assouvir son orgueil et pr\u00e9server son prestige, l\u2019Espagne ne fait que souiller son image politique, d\u00e9j\u00e0 transperc\u00e9e par la coexistence au gouvernement Pedro avec l\u2019ob\u00e9dience \u00ab pand\u00e9mique \u00bb, aux allergies chroniques \u00e0 notre int\u00e9grit\u00e9 territoriale. Une occasion de notre c\u00f4t\u00e9, d\u2019affermir de plus belle, le processus r\u00e9formiste et\u00a0\u00a0 d\u00e9veloppemental dans lequel nous nous sommes r\u00e9solument engag\u00e9s, en fortifiant plus que jamais, le front int\u00e9rieur, par le rel\u00e8vement du souffle d\u00e9mocratique, l\u2019assainissement du climat politique, m\u00e9diatique et des droits humains, l\u2019ancrage de la justice sociale et spatiale, l\u2019\u00e9largissement des marges de la libert\u00e9 individuelle et collective, la lutte contre toutes les formes de d\u00e9pravation\u2026<\/p>\n<p>Auteur: M&rsquo;hammed rahal<br \/>\n<a href=\"http:\/\/albayane.press.ma\/un-maroc-uni-et-fort.html\">Cliquez ici pour lire l&rsquo;article depuis sa source.<\/a><\/p>\n","protected":false},"excerpt":{"rendered":"<p>L\u2019Espagne tente de noyer le poisson et se d\u00e9rober de tout sens de mesure. Telle une naufrag\u00e9e, elle s\u2019agrippe \u00e0 toute \u00e9pave de sauvetage pour se refaire sa \u00ab virginit\u00e9 \u00bb d\u00e9mantel\u00e9e. Faisant appel \u00e0 l\u2019Europe, elle y va \u00e0 grandes enjamb\u00e9es, dans le but d\u2019y camoufler l\u2019embarras dont elle se macule jusqu\u2019\u00e0 la lie. [&hellip;]<\/p>\n","protected":false},"author":1760,"featured_media":0,"comment_status":"closed","ping_status":"closed","sticky":false,"template":"","format":"standard","meta":{"fifu_image_url":"","fifu_image_alt":"","footnotes":""},"categories":[73,54],"tags":[],"class_list":["post-118552","post","type-post","status-publish","format-standard","hentry","category-actualite","category-maroc"],"_links":{"self":[{"href":"https:\/\/linitiative.ca\/International\/wp-json\/wp\/v2\/posts\/118552","targetHints":{"allow":["GET"]}}],"collection":[{"href":"https:\/\/linitiative.ca\/International\/wp-json\/wp\/v2\/posts"}],"about":[{"href":"https:\/\/linitiative.ca\/International\/wp-json\/wp\/v2\/types\/post"}],"author":[{"embeddable":true,"href":"https:\/\/linitiative.ca\/International\/wp-json\/wp\/v2\/users\/1760"}],"replies":[{"embeddable":true,"href":"https:\/\/linitiative.ca\/International\/wp-json\/wp\/v2\/comments?post=118552"}],"version-history":[{"count":0,"href":"https:\/\/linitiative.ca\/International\/wp-json\/wp\/v2\/posts\/118552\/revisions"}],"wp:attachment":[{"href":"https:\/\/linitiative.ca\/International\/wp-json\/wp\/v2\/media?parent=118552"}],"wp:term":[{"taxonomy":"category","embeddable":true,"href":"https:\/\/linitiative.ca\/International\/wp-json\/wp\/v2\/categories?post=118552"},{"taxonomy":"post_tag","embeddable":true,"href":"https:\/\/linitiative.ca\/International\/wp-json\/wp\/v2\/tags?post=118552"}],"curies":[{"name":"wp","href":"https:\/\/api.w.org\/{rel}","templated":true}]}}