{"id":118553,"date":"2021-06-14T05:30:00","date_gmt":"2021-06-14T09:30:00","guid":{"rendered":"https:\/\/linitiative.ca\/International\/les-stagiaires-dalgerie-telecom-reviennent-a-la-charge\/"},"modified":"2021-06-14T05:30:00","modified_gmt":"2021-06-14T09:30:00","slug":"les-stagiaires-dalgerie-telecom-reviennent-a-la-charge","status":"publish","type":"post","link":"https:\/\/linitiative.ca\/International\/les-stagiaires-dalgerie-telecom-reviennent-a-la-charge\/","title":{"rendered":"Les stagiaires d\u2019Alg\u00e9rie T\u00e9l\u00e9com reviennent \u00e0 la charge"},"content":{"rendered":"<div id=\"originalText\" readability=\"57\">\n<p>\u25a0\u00a0\u00a0Quelque 250 stagiaires d\u2019Alg\u00e9rie T\u00e9l\u00e9com, tous titulaires d\u2019un brevet professionnel et r\u00e9partis \u00e0 travers toutes les wilayas du pays, sont revenus \u00e0 la charge et interpellent les responsables de cette entreprise pour les int\u00e9grer conform\u00e9ment \u00e0 un accord qui avait \u00e9t\u00e9 sign\u00e9 avec le secteur de la formation professionnelle.\u00a0<\/p>\n<p>\u201cApr\u00e8s la fin de la formation, plus de 1 500 techniciens et techniciens sup\u00e9rieurs ont \u00e9t\u00e9 recrut\u00e9s, alors que nous, titulaires d\u2019un brevet professionnel, sommes exclus sans nous donner une quelconque explication ou motif\u201d, affirment ces stagiaires, r\u00e9v\u00e9lant que leur dossier devait \u00eatre r\u00e9gularis\u00e9 juste apr\u00e8s le mois de Ramadhan dernier.<\/p>\n<p>\u201cL\u2019ancienne ministre (Houda-Imane Faraoun, ndlr) avait donn\u00e9 une instruction pour nous int\u00e9grer, mais apr\u00e8s le remaniement minist\u00e9riel, tout a \u00e9t\u00e9 \u00e0 nouveau gel\u00e9\u201d, indiquent ces stagiaires, affirmant que leurs multiples d\u00e9marches n\u2019ont pas abouti.<\/p>\n<\/div>\n<div id=\"text_core\" readability=\"57\">\n<p>\u25a0\u00a0\u00a0Quelque 250 stagiaires d\u2019Alg\u00e9rie T\u00e9l\u00e9com, tous titulaires d\u2019un brevet professionnel et r\u00e9partis \u00e0 travers toutes les wilayas du pays, sont revenus \u00e0 la charge et interpellent les responsables de cette entreprise pour les int\u00e9grer conform\u00e9ment \u00e0 un accord qui avait \u00e9t\u00e9 sign\u00e9 avec le secteur de la formation professionnelle.\u00a0<\/p>\n<p>\u201cApr\u00e8s la fin de la formation, plus de 1 500 techniciens et techniciens sup\u00e9rieurs ont \u00e9t\u00e9 recrut\u00e9s, alors que nous, titulaires d\u2019un brevet professionnel, sommes exclus sans nous donner une quelconque explication ou motif\u201d, affirment ces stagiaires, r\u00e9v\u00e9lant que leur dossier devait \u00eatre r\u00e9gularis\u00e9 juste apr\u00e8s le mois de Ramadhan dernier.<\/p>\n<p>\u201cL\u2019ancienne ministre (Houda-Imane Faraoun, ndlr) avait donn\u00e9 une instruction pour nous int\u00e9grer, mais apr\u00e8s le remaniement minist\u00e9riel, tout a \u00e9t\u00e9 \u00e0 nouveau gel\u00e9\u201d, indiquent ces stagiaires, affirmant que leurs multiples d\u00e9marches n\u2019ont pas abouti.<\/p>\n<\/div>\n<p>Auteur:<br \/>\n<a href=\"https:\/\/www.liberte-algerie.com\/radar\/les-stagiaires-dalgerie-telecom-reviennent-a-la-charge-360274\">Cliquez ici pour lire l&rsquo;article depuis sa source.<\/a><\/p>\n","protected":false},"excerpt":{"rendered":"<p>\u25a0\u00a0\u00a0Quelque 250 stagiaires d\u2019Alg\u00e9rie T\u00e9l\u00e9com, tous titulaires d\u2019un brevet professionnel et r\u00e9partis \u00e0 travers toutes les wilayas du pays, sont revenus \u00e0 la charge et interpellent les responsables de cette entreprise pour les int\u00e9grer conform\u00e9ment \u00e0 un accord qui avait \u00e9t\u00e9 sign\u00e9 avec le secteur de la formation professionnelle.\u00a0 \u201cApr\u00e8s la fin de la formation, [&hellip;]<\/p>\n","protected":false},"author":1742,"featured_media":0,"comment_status":"closed","ping_status":"closed","sticky":false,"template":"","format":"standard","meta":{"fifu_image_url":"","fifu_image_alt":"","footnotes":""},"categories":[73,53],"tags":[],"class_list":["post-118553","post","type-post","status-publish","format-standard","hentry","category-actualite","category-algerie"],"_links":{"self":[{"href":"https:\/\/linitiative.ca\/International\/wp-json\/wp\/v2\/posts\/118553","targetHints":{"allow":["GET"]}}],"collection":[{"href":"https:\/\/linitiative.ca\/International\/wp-json\/wp\/v2\/posts"}],"about":[{"href":"https:\/\/linitiative.ca\/International\/wp-json\/wp\/v2\/types\/post"}],"author":[{"embeddable":true,"href":"https:\/\/linitiative.ca\/International\/wp-json\/wp\/v2\/users\/1742"}],"replies":[{"embeddable":true,"href":"https:\/\/linitiative.ca\/International\/wp-json\/wp\/v2\/comments?post=118553"}],"version-history":[{"count":0,"href":"https:\/\/linitiative.ca\/International\/wp-json\/wp\/v2\/posts\/118553\/revisions"}],"wp:attachment":[{"href":"https:\/\/linitiative.ca\/International\/wp-json\/wp\/v2\/media?parent=118553"}],"wp:term":[{"taxonomy":"category","embeddable":true,"href":"https:\/\/linitiative.ca\/International\/wp-json\/wp\/v2\/categories?post=118553"},{"taxonomy":"post_tag","embeddable":true,"href":"https:\/\/linitiative.ca\/International\/wp-json\/wp\/v2\/tags?post=118553"}],"curies":[{"name":"wp","href":"https:\/\/api.w.org\/{rel}","templated":true}]}}