{"id":118555,"date":"2021-06-14T05:30:00","date_gmt":"2021-06-14T09:30:00","guid":{"rendered":"https:\/\/linitiative.ca\/International\/un-colloque-virtuel-sur-leconomie-informelle-et-les-inegalites-de-genre\/"},"modified":"2021-06-14T05:30:00","modified_gmt":"2021-06-14T09:30:00","slug":"un-colloque-virtuel-sur-leconomie-informelle-et-les-inegalites-de-genre","status":"publish","type":"post","link":"https:\/\/linitiative.ca\/International\/un-colloque-virtuel-sur-leconomie-informelle-et-les-inegalites-de-genre\/","title":{"rendered":"Un colloque virtuel sur l\u2019\u00e9conomie informelle et les in\u00e9galit\u00e9s de genre"},"content":{"rendered":"<div id=\"originalText\" readability=\"55\">\n<p>\u25a0\u00a0 L\u2019universit\u00e9 Abderrahmane-Mira de B\u00e9ja\u00efa organise aujourd\u2019hui, lundi 14 juin 2021, le 1er colloque international sur \u201cL\u2019\u00e9conomie informelle et les in\u00e9galit\u00e9s de genre\u201d, \u00e0 la salle de conf\u00e9rences de l\u2019auditorium d\u2019Aboudaou.<\/p>\n<p>Plusieurs experts et chercheurs en \u00e9conomie, issus d\u2019universit\u00e9s alg\u00e9riennes, fran\u00e7aises, turques, ukrainiennes\u2026, donneront des communications \u00e0 distance (visioconf\u00e9rences) autour de cette th\u00e9matique.<\/p>\n<p>\u201cCe colloque virtuel se propose de rappeler la probl\u00e9matique de l\u2019\u00e9conomie informelle en Alg\u00e9rie et dans les pays de la r\u00e9gion Mena, et qui sera d\u00e9clin\u00e9 selon diverses m\u00e9thodes et th\u00e9matiques. Il vise \u00e0 identifier la place des femmes sur le march\u00e9 du travail.\u00a0 L\u2019acc\u00e8s \u00e0 l\u2019emploi leur permettra de conqu\u00e9rir des droits et de s\u2019int\u00e9grer socialement. Les travaux de ce webinaire discuteront des orientations \u00e0 l\u2019\u00e9gard de la formalisation du secteur et de l\u2019emploi informels, dont l\u2019optique d\u2019une transition vers une \u00e9conomie formelle\u201d, a expliqu\u00e9 la pr\u00e9sidente du comit\u00e9 d\u2019organisation de ce colloque international, le Dr Hassiba Gherbi.<\/p>\n<\/div>\n<div id=\"text_core\" readability=\"55\">\n<p>\u25a0\u00a0 L\u2019universit\u00e9 Abderrahmane-Mira de B\u00e9ja\u00efa organise aujourd\u2019hui, lundi 14 juin 2021, le 1er colloque international sur \u201cL\u2019\u00e9conomie informelle et les in\u00e9galit\u00e9s de genre\u201d, \u00e0 la salle de conf\u00e9rences de l\u2019auditorium d\u2019Aboudaou.<\/p>\n<p>Plusieurs experts et chercheurs en \u00e9conomie, issus d\u2019universit\u00e9s alg\u00e9riennes, fran\u00e7aises, turques, ukrainiennes\u2026, donneront des communications \u00e0 distance (visioconf\u00e9rences) autour de cette th\u00e9matique.<\/p>\n<p>\u201cCe colloque virtuel se propose de rappeler la probl\u00e9matique de l\u2019\u00e9conomie informelle en Alg\u00e9rie et dans les pays de la r\u00e9gion Mena, et qui sera d\u00e9clin\u00e9 selon diverses m\u00e9thodes et th\u00e9matiques. Il vise \u00e0 identifier la place des femmes sur le march\u00e9 du travail.\u00a0 L\u2019acc\u00e8s \u00e0 l\u2019emploi leur permettra de conqu\u00e9rir des droits et de s\u2019int\u00e9grer socialement. Les travaux de ce webinaire discuteront des orientations \u00e0 l\u2019\u00e9gard de la formalisation du secteur et de l\u2019emploi informels, dont l\u2019optique d\u2019une transition vers une \u00e9conomie formelle\u201d, a expliqu\u00e9 la pr\u00e9sidente du comit\u00e9 d\u2019organisation de ce colloque international, le Dr Hassiba Gherbi.<\/p>\n<\/div>\n<p>Auteur:<br \/>\n<a href=\"https:\/\/www.liberte-algerie.com\/radar\/un-colloque-virtuel-sur-leconomie-informelle-et-les-inegalites-de-genre-360272\">Cliquez ici pour lire l&rsquo;article depuis sa source.<\/a><\/p>\n","protected":false},"excerpt":{"rendered":"<p>\u25a0\u00a0 L\u2019universit\u00e9 Abderrahmane-Mira de B\u00e9ja\u00efa organise aujourd\u2019hui, lundi 14 juin 2021, le 1er colloque international sur \u201cL\u2019\u00e9conomie informelle et les in\u00e9galit\u00e9s de genre\u201d, \u00e0 la salle de conf\u00e9rences de l\u2019auditorium d\u2019Aboudaou. Plusieurs experts et chercheurs en \u00e9conomie, issus d\u2019universit\u00e9s alg\u00e9riennes, fran\u00e7aises, turques, ukrainiennes\u2026, donneront des communications \u00e0 distance (visioconf\u00e9rences) autour de cette th\u00e9matique. \u201cCe colloque [&hellip;]<\/p>\n","protected":false},"author":1742,"featured_media":0,"comment_status":"closed","ping_status":"closed","sticky":false,"template":"","format":"standard","meta":{"fifu_image_url":"","fifu_image_alt":"","footnotes":""},"categories":[73,53],"tags":[],"class_list":["post-118555","post","type-post","status-publish","format-standard","hentry","category-actualite","category-algerie"],"_links":{"self":[{"href":"https:\/\/linitiative.ca\/International\/wp-json\/wp\/v2\/posts\/118555","targetHints":{"allow":["GET"]}}],"collection":[{"href":"https:\/\/linitiative.ca\/International\/wp-json\/wp\/v2\/posts"}],"about":[{"href":"https:\/\/linitiative.ca\/International\/wp-json\/wp\/v2\/types\/post"}],"author":[{"embeddable":true,"href":"https:\/\/linitiative.ca\/International\/wp-json\/wp\/v2\/users\/1742"}],"replies":[{"embeddable":true,"href":"https:\/\/linitiative.ca\/International\/wp-json\/wp\/v2\/comments?post=118555"}],"version-history":[{"count":0,"href":"https:\/\/linitiative.ca\/International\/wp-json\/wp\/v2\/posts\/118555\/revisions"}],"wp:attachment":[{"href":"https:\/\/linitiative.ca\/International\/wp-json\/wp\/v2\/media?parent=118555"}],"wp:term":[{"taxonomy":"category","embeddable":true,"href":"https:\/\/linitiative.ca\/International\/wp-json\/wp\/v2\/categories?post=118555"},{"taxonomy":"post_tag","embeddable":true,"href":"https:\/\/linitiative.ca\/International\/wp-json\/wp\/v2\/tags?post=118555"}],"curies":[{"name":"wp","href":"https:\/\/api.w.org\/{rel}","templated":true}]}}