{"id":118556,"date":"2021-06-14T05:30:00","date_gmt":"2021-06-14T09:30:00","guid":{"rendered":"https:\/\/linitiative.ca\/International\/premier-festival-sur-les-plantes-medicinales-en-algerie\/"},"modified":"2021-06-14T05:30:00","modified_gmt":"2021-06-14T09:30:00","slug":"premier-festival-sur-les-plantes-medicinales-en-algerie","status":"publish","type":"post","link":"https:\/\/linitiative.ca\/International\/premier-festival-sur-les-plantes-medicinales-en-algerie\/","title":{"rendered":"Premier festival sur les plantes m\u00e9dicinales en Alg\u00e9rie"},"content":{"rendered":"<div id=\"originalText\" readability=\"48\">\n<p>\u25a0\u00a0 La premi\u00e8re \u00e9dition du festival sur les plantes m\u00e9dicinales en Alg\u00e9rie se d\u00e9roulera le 23 juin au d\u00e9partement de pharmacie relevant de la facult\u00e9 de m\u00e9decine d\u2019Oran.<\/p>\n<p>Selon les organisateurs, cette grande rencontre, qui sera essentiellement anim\u00e9e par des \u00e9tudiants en pharmacie et des enseignants hospitalo-universitaires de la sp\u00e9cialit\u00e9 de botanique m\u00e9dicale, \u201cpermettra de faire toute la lumi\u00e8re sur plusieurs points, de lever des ambigu\u00eft\u00e9s et de r\u00e9pondre \u00e0 plusieurs interrogations scientifiques\u201d.<\/p>\n<p>En parall\u00e8le, le d\u00e9partement de pharmacie a pr\u00e9par\u00e9 une plateforme d\u00e9di\u00e9e \u00e0 accueillir un jardin botanique, une pharmacie p\u00e9dagogique et un mus\u00e9e de la pharmacie alg\u00e9rienne \u00e0 int\u00e9r\u00eat p\u00e9dagogique pour les \u00e9tudiants en sciences m\u00e9dicales.<\/p>\n<\/div>\n<div id=\"text_core\" readability=\"48\">\n<p>\u25a0\u00a0 La premi\u00e8re \u00e9dition du festival sur les plantes m\u00e9dicinales en Alg\u00e9rie se d\u00e9roulera le 23 juin au d\u00e9partement de pharmacie relevant de la facult\u00e9 de m\u00e9decine d\u2019Oran.<\/p>\n<p>Selon les organisateurs, cette grande rencontre, qui sera essentiellement anim\u00e9e par des \u00e9tudiants en pharmacie et des enseignants hospitalo-universitaires de la sp\u00e9cialit\u00e9 de botanique m\u00e9dicale, \u201cpermettra de faire toute la lumi\u00e8re sur plusieurs points, de lever des ambigu\u00eft\u00e9s et de r\u00e9pondre \u00e0 plusieurs interrogations scientifiques\u201d.<\/p>\n<p>En parall\u00e8le, le d\u00e9partement de pharmacie a pr\u00e9par\u00e9 une plateforme d\u00e9di\u00e9e \u00e0 accueillir un jardin botanique, une pharmacie p\u00e9dagogique et un mus\u00e9e de la pharmacie alg\u00e9rienne \u00e0 int\u00e9r\u00eat p\u00e9dagogique pour les \u00e9tudiants en sciences m\u00e9dicales.<\/p>\n<\/div>\n<p>Auteur:<br \/>\n<a href=\"https:\/\/www.liberte-algerie.com\/radar\/premier-festival-sur-les-plantes-medicinales-en-algerie-360271\">Cliquez ici pour lire l&rsquo;article depuis sa source.<\/a><\/p>\n","protected":false},"excerpt":{"rendered":"<p>\u25a0\u00a0 La premi\u00e8re \u00e9dition du festival sur les plantes m\u00e9dicinales en Alg\u00e9rie se d\u00e9roulera le 23 juin au d\u00e9partement de pharmacie relevant de la facult\u00e9 de m\u00e9decine d\u2019Oran. Selon les organisateurs, cette grande rencontre, qui sera essentiellement anim\u00e9e par des \u00e9tudiants en pharmacie et des enseignants hospitalo-universitaires de la sp\u00e9cialit\u00e9 de botanique m\u00e9dicale, \u201cpermettra de [&hellip;]<\/p>\n","protected":false},"author":1742,"featured_media":0,"comment_status":"closed","ping_status":"closed","sticky":false,"template":"","format":"standard","meta":{"fifu_image_url":"","fifu_image_alt":"","footnotes":""},"categories":[73,53],"tags":[],"class_list":["post-118556","post","type-post","status-publish","format-standard","hentry","category-actualite","category-algerie"],"_links":{"self":[{"href":"https:\/\/linitiative.ca\/International\/wp-json\/wp\/v2\/posts\/118556","targetHints":{"allow":["GET"]}}],"collection":[{"href":"https:\/\/linitiative.ca\/International\/wp-json\/wp\/v2\/posts"}],"about":[{"href":"https:\/\/linitiative.ca\/International\/wp-json\/wp\/v2\/types\/post"}],"author":[{"embeddable":true,"href":"https:\/\/linitiative.ca\/International\/wp-json\/wp\/v2\/users\/1742"}],"replies":[{"embeddable":true,"href":"https:\/\/linitiative.ca\/International\/wp-json\/wp\/v2\/comments?post=118556"}],"version-history":[{"count":0,"href":"https:\/\/linitiative.ca\/International\/wp-json\/wp\/v2\/posts\/118556\/revisions"}],"wp:attachment":[{"href":"https:\/\/linitiative.ca\/International\/wp-json\/wp\/v2\/media?parent=118556"}],"wp:term":[{"taxonomy":"category","embeddable":true,"href":"https:\/\/linitiative.ca\/International\/wp-json\/wp\/v2\/categories?post=118556"},{"taxonomy":"post_tag","embeddable":true,"href":"https:\/\/linitiative.ca\/International\/wp-json\/wp\/v2\/tags?post=118556"}],"curies":[{"name":"wp","href":"https:\/\/api.w.org\/{rel}","templated":true}]}}