{"id":118558,"date":"2021-06-14T06:29:26","date_gmt":"2021-06-14T10:29:26","guid":{"rendered":"https:\/\/linitiative.ca\/International\/loriental-fashion-show-choisit-marrakech-pour-sa-37e-edition\/"},"modified":"2021-06-14T06:29:26","modified_gmt":"2021-06-14T10:29:26","slug":"loriental-fashion-show-choisit-marrakech-pour-sa-37e-edition","status":"publish","type":"post","link":"https:\/\/linitiative.ca\/International\/loriental-fashion-show-choisit-marrakech-pour-sa-37e-edition\/","title":{"rendered":"L\u2019Oriental Fashion Show choisit Marrakech pour sa 37\u00e8 \u00e9dition"},"content":{"rendered":"<div readability=\"38\">\n<p>L\u2019Oriental Fashion Show, premi\u00e8re plateforme internationale d\u00e9di\u00e9e \u00e0 la Couture et \u00e0 la mode orientale bas\u00e9e \u00e0 Paris, a port\u00e9 son choix su la ville de Marrakech pour sa 37\u00e8 \u00e9dition qui se tiendra les 18 et 19 juin sous le signe de la valorisation du patrimoine touristique marocain, apprend-on aupr\u00e8s de sa fondatrice la franco-marocaine Hind Joudar.<\/p>\n<\/div>\n<div readability=\"138\">\n<p>En 15 ans, l\u2019Oriental Fashion Show (OFS) a su gagner la reconnaissance de grandes capitales de la mode. Apr\u00e8s Paris, Londres, Duba\u00ef, Istanbul, Moscou ou Bakou, c\u2019est au tour de Marrakech d\u2019accueillir les d\u00e9fil\u00e9s de cr\u00e9ateurs internationaux, souligne l\u2019\u00e9quipe de l\u2019OFS dans un communiqu\u00e9 parvenu \u00e0 la MAP.<\/p>\n<p>\u00ab\u00a0A l\u2019heure o\u00f9 le monde tourne au ralenti ; \u00e0 l\u2019heure o\u00f9 les Fashion show se font de plus en plus rares, l\u2019Oriental Fashion Show entend perp\u00e9tuer son \u00e9v\u00e9nement et honorer ses fid\u00e8les stylistes qui, en d\u00e9pit de cette p\u00e9riode difficile, n\u2019ont cess\u00e9 de cr\u00e9er et innover\u00a0\u00bb, affirme la m\u00eame source, ajoutant que \u00ab\u00a0cette 37\u00e8 \u00e9dition de l\u2019OFS d\u00e9fendra les couleurs de la mixit\u00e9 culturelle sous les signes de la renaissance et de la magnificence\u00a0\u00bb, et ce conform\u00e9ment \u00e0 la tradition cosmopolite de l\u2019\u00e9v\u00e9nement.<\/p>\n<p>L\u2019\u00e9dition 2021 de l\u2019OFS sera par ailleurs marqu\u00e9e par un hommage posthume \u00e0 la m\u00e9moire de Mohamed Al Sagheer, surnomm\u00e9 le ma\u00eetre coiffeur du Caire, un membre important du staff organisationnel de cet \u00e9v\u00e9nement mode, emport\u00e9 par le Covid-19.<\/p>\n<p>Parmi la d\u00e9l\u00e9gation \u00e9gyptienne, l\u2019OFS annonce le grand designer Hany El Behairy ainsi que les c\u00e9l\u00e8bres actrices Laila Eloui et Elham Shahin, d\u2019autres invit\u00e9s de marque tels que les acteurs turcs Selim Bayraktar, alias S\u00fcmb\u00fcl (Harem Sultan) et Emel Karakoze, ainsi que des c\u00e9l\u00e9brit\u00e9s marocaines comme Dounia Boutazoute, Mansour Badri et Cam\u00e9lia Rak.<\/p>\n<p>\u00ab\u00a0En posant ses valises au Mandarin Oriental, Marrakech aborde une nouvelle \u00e8re qui inscrit la ville dans la lign\u00e9e des grandes capitales de la mode. Partenaire officiel de cet \u00e9v\u00e9nement, l\u2019\u00e9tablissement de luxe s\u2019associe aux valeurs de l\u2019OFS, \u00e0 savoir la diffusion de la richesse d\u2019un patrimoine culturel pluriel, le rapprochement des peuples, la c\u00e9l\u00e9bration de la modernit\u00e9 \u00e0 travers la beaut\u00e9 de la tradition et bien \u00e9videmment, la mise en avant de la splendeur de la mode orientale\u00a0\u00bb, soulignent les organisateurs.<\/p>\n<p>\u00ab\u00a0D\u2019autres h\u00f4tels de luxe \u00e0 Marrakech tel que The Oberoi, Fairmont Royal Palm, La Maison Arabe, H\u00f4tel La Brillante, Oasis Lodges ont, \u00e9galement, ouvert les portes \u00e0 l\u2019Oriental Fashion Show pour cr\u00e9er une symbiose parfaite entre le monde de la mode et le monde de l\u2019h\u00f4tellerie et de la gastronomie marocaine\u00a0\u00bb, indique-t-on, ajoutant que la marque de luxe Toomore s\u2019est \u00e9galement associ\u00e9e \u00e0 cette 37e \u00e9dition de l\u2019OFS pour offrir une touche de douceur sucr\u00e9e aux fines bouches.<\/p>\n<p>L\u2019Oriental Fashion Show s\u2019est associ\u00e9 \u00e9galement pour cette \u00e9dition particuli\u00e8re d\u00e9di\u00e9e au patrimoine touristique et gastronomique marocain \u00e0 la plateforme Luxury Life Morocco, premi\u00e8re plateforme d\u2019influence au Maroc d\u00e9di\u00e9e aux marques de luxe, avec qui il partage les m\u00eames valeurs d\u2019excellence et de perfection.<\/p>\n<p>\u00c9v\u00e9nement phare de l\u2019association \u00ab\u00a0Route de la Soie et d\u2019Al Andalus\u00a0\u00bb, qui a pour but premier de valoriser un art de vivre, un savoir-\u00eatre s\u2019inscrivant dans un patrimoine universel, l\u2019OFS a \u00e9t\u00e9 cr\u00e9\u00e9 par Hind Joudar en 2004.<\/p>\n<p>Bas\u00e9 \u00e0 Paris, cet \u00e9v\u00e9nement sillonne le monde et les hauts lieux de la mode \u00e0 fort potentiel m\u00e9diatique: Paris, Londres, Doha, Kowe\u00eft, Marrakech, Moscou, Istanbul, Almaty (Kazakhstan), Samarcande (Ouzb\u00e9kistan), Istanbul\u2026<\/p>\n<p>Plus qu\u2019un d\u00e9fil\u00e9 de mode, l\u2019OFS est devenu au fil des ans une v\u00e9ritable tribune artistique, un dialogue culturel entre l\u2019Orient et l\u2019Occident.<\/p>\n<p>Depuis 15 ans, l\u2019Oriental Fashion Show organise des d\u00e9fil\u00e9s de grande envergure dans les plus belles capitales du monde. Consid\u00e9r\u00e9 comme un leader dans la mode orientale et incubateur de talents au-del\u00e0 des fronti\u00e8res, l\u2019OFS a pu promouvoir, \u00e0 travers ses nombreuses productions, plus de 100 stylistes de 50 nationalit\u00e9s diff\u00e9rentes, parmi eux de nombreux Marocains qui ont pu se faire un nom sur la sc\u00e8ne de la mode mondiale.<\/p>\n<\/div>\n<p>Auteur: Meriem IGASS<br \/>\n<a href=\"http:\/\/www.mapmarrakech.ma\/fr\/loriental-fashion-show-choisit-marrakech-pour-sa-37e-edition\/\">Cliquez ici pour lire l&rsquo;article depuis sa source.<\/a><\/p>\n","protected":false},"excerpt":{"rendered":"<p>L\u2019Oriental Fashion Show, premi\u00e8re plateforme internationale d\u00e9di\u00e9e \u00e0 la Couture et \u00e0 la mode orientale bas\u00e9e \u00e0 Paris, a port\u00e9 son choix su la ville de Marrakech pour sa 37\u00e8 \u00e9dition qui se tiendra les 18 et 19 juin sous le signe de la valorisation du patrimoine touristique marocain, apprend-on aupr\u00e8s de sa fondatrice la [&hellip;]<\/p>\n","protected":false},"author":1788,"featured_media":0,"comment_status":"closed","ping_status":"closed","sticky":false,"template":"","format":"standard","meta":{"fifu_image_url":"","fifu_image_alt":"","footnotes":""},"categories":[54,76],"tags":[],"class_list":["post-118558","post","type-post","status-publish","format-standard","hentry","category-maroc","category-regions"],"_links":{"self":[{"href":"https:\/\/linitiative.ca\/International\/wp-json\/wp\/v2\/posts\/118558","targetHints":{"allow":["GET"]}}],"collection":[{"href":"https:\/\/linitiative.ca\/International\/wp-json\/wp\/v2\/posts"}],"about":[{"href":"https:\/\/linitiative.ca\/International\/wp-json\/wp\/v2\/types\/post"}],"author":[{"embeddable":true,"href":"https:\/\/linitiative.ca\/International\/wp-json\/wp\/v2\/users\/1788"}],"replies":[{"embeddable":true,"href":"https:\/\/linitiative.ca\/International\/wp-json\/wp\/v2\/comments?post=118558"}],"version-history":[{"count":0,"href":"https:\/\/linitiative.ca\/International\/wp-json\/wp\/v2\/posts\/118558\/revisions"}],"wp:attachment":[{"href":"https:\/\/linitiative.ca\/International\/wp-json\/wp\/v2\/media?parent=118558"}],"wp:term":[{"taxonomy":"category","embeddable":true,"href":"https:\/\/linitiative.ca\/International\/wp-json\/wp\/v2\/categories?post=118558"},{"taxonomy":"post_tag","embeddable":true,"href":"https:\/\/linitiative.ca\/International\/wp-json\/wp\/v2\/tags?post=118558"}],"curies":[{"name":"wp","href":"https:\/\/api.w.org\/{rel}","templated":true}]}}