{"id":118559,"date":"2021-06-14T07:48:53","date_gmt":"2021-06-14T11:48:53","guid":{"rendered":"https:\/\/linitiative.ca\/International\/concours-regional-de-lart-de-plaidoirie-mineurs-remise-des-prix\/"},"modified":"2021-06-14T07:48:53","modified_gmt":"2021-06-14T11:48:53","slug":"concours-regional-de-lart-de-plaidoirie-mineurs-remise-des-prix","status":"publish","type":"post","link":"https:\/\/linitiative.ca\/International\/concours-regional-de-lart-de-plaidoirie-mineurs-remise-des-prix\/","title":{"rendered":"Concours r\u00e9gional de l\u2019art de plaidoirie\/mineurs: Remise des prix"},"content":{"rendered":"<div readability=\"35\">\n<p>Marrakech \u2013 La Fondation Mohammed VI pour la R\u00e9insertion des D\u00e9tenus a organis\u00e9 samedi \u00e0 Marrakech, une c\u00e9r\u00e9monie pour r\u00e9compenser les laur\u00e9ats du concours r\u00e9gional de l\u2019art de plaidoirie en mati\u00e8re de justice des mineurs.<\/p>\n<\/div>\n<div readability=\"116\">\n<p>Organis\u00e9 avec l\u2019appui de l\u2019UNICEF dans le cadre du colloque r\u00e9gional autour du th\u00e8me \u00ab\u00a0L\u2019Enfant en conflit avec la Loi : Enfance victime ou Enfance coupable ?\u00a0\u00bb, ce concours avait pour objectif l\u2019instauration d\u2019une d\u00e9fense sp\u00e9cialis\u00e9e en mati\u00e8re de justice des mineurs \u00e0 m\u00eame de garantir une meilleure protection de l\u2019enfant en conflit avec la loi.<\/p>\n<p>Cette initiative, qui a connu la participation d\u2019avocats-stagiaires du Barreau de Marrakech, a pris forme de pr\u00e9sentations simul\u00e9es des meilleures plaidoiries retenues suite \u00e0 une premi\u00e8re phase de s\u00e9lection, parmi plus de 18 avocats-stagiaires, suivi d\u2019une phase des \u00e9liminatoires : 15 participants, \u00e0 l\u2019issue de laquelle 3 meilleures plaidoiries en mati\u00e8re de justice des mineurs ont \u00e9t\u00e9 s\u00e9lectionn\u00e9es pour les finales.<\/p>\n<p>Compos\u00e9 de repr\u00e9sentants de l\u2019Ordre des avocats de Marrakech, du pouvoir judiciaire, du minist\u00e8re public et de la Fondation Mohammed VI pour la R\u00e9insertion des D\u00e9tenues, le jury a d\u00e9cern\u00e9 le premier Prix \u00e0 Mme Aicha Saadi, alors que les 2e et 3e Prix ont \u00e9t\u00e9 respectivement attribu\u00e9s \u00e0 M. Amin Massoudi et Mme Nezha Kahouach. Les trois finalistes ont ainsi, re\u00e7u des Prix d\u2019encouragement ainsi que des troph\u00e9es.<\/p>\n<p>\u00ab\u00a0Je suis tr\u00e8s heureuse de remporter le premier Prix de ce concours et de faire honneur au barreau de Marrakech, notamment dans l\u2019art de plaidoirie en mati\u00e8re de la justice des mineurs et de la protection de l\u2019enfance\u00a0\u00bb, a soulign\u00e9 Mme Saadi dans une d\u00e9claration \u00e0 la MAP.<\/p>\n<p>Et d\u2019ajouter que la promotion de la plaidoirie dans ce domaine contribuera, sans nul doute, \u00e0 une meilleure protection des droits de l\u2019enfant \u00e0 la lumi\u00e8re de son int\u00e9r\u00eat sup\u00e9rieur en vertu des normes internationales en la mati\u00e8re ainsi que du cadre juridique national.<\/p>\n<p>Pour sa part, le Coordonnateur de la Fondation Mohammed VI pour la r\u00e9insertion des d\u00e9tenus, M. Abdelouhed Jamali Idrissi, a relev\u00e9 que ce concours s\u2019inscrit dans le volet pratique du colloque r\u00e9gional autour du th\u00e8me \u00ab\u00a0L\u2019Enfant en conflit avec la Loi : Enfance victime ou Enfance coupable ?\u00a0\u00bb pour promouvoir et renforcer le r\u00f4le de l\u2019institution de la d\u00e9fense au profit de l\u2019enfant en contact et en conflit avec la loi.<\/p>\n<p>\u00ab\u00a0Les diff\u00e9rentes plaidoiries t\u00e9moignent de la maturit\u00e9 de la d\u00e9fense dans la protection des droits de l\u2019enfant au Maroc\u00a0\u00bb, a indiqu\u00e9 M. Jamali Idrissi, ajoutant que la protection des droits de l\u2019enfant est l\u2019affaire de toutes les composantes de la soci\u00e9t\u00e9, notamment la d\u00e9fense.<\/p>\n<p>De son c\u00f4t\u00e9, le b\u00e2tonnier de l\u2019Ordre des avocats de Marrakech, M. Mohamed El Hamidi, a salu\u00e9 le \u00ab\u00a0bon niveau\u00a0\u00bb des plaidoiries s\u00e9lectionn\u00e9es pour les finales du concours r\u00e9gional, ce qui \u00ab\u00a0augure d\u2019un bon avenir pour la protection des droits de l\u2019enfant\u00a0\u00bb au Royaume.<\/p>\n<p>Dans ce sens, il a soulign\u00e9 que l\u2019avocat est appel\u00e9 \u00e0 jouer un r\u00f4le tout particulier pour initier des propositions au magistrat, innover, trouver des solutions in\u00e9dites dans l\u2019int\u00e9r\u00eat des enfants, qu\u2019elle soit juridique ou pratique.<\/p>\n<p>Les membres de l\u2019Ordre des avocats de Marrakech et une pl\u00e9iade d\u2019intervenants institutionnels op\u00e9rant dans le domaine de la justice des mineurs et de la protection de l\u2019enfance se sont donn\u00e9s rendez-vous, samedi, dans le cadre de ce colloque sur la justice des mineurs, rappelle-t-on.<\/p>\n<p>Initi\u00e9e par la Fondation Mohammed VI pour la R\u00e9insertion des D\u00e9tenus, en partenariat avec l\u2019Ordre des avocats de Marrakech et l\u2019appui de l\u2019UNICEF, cette rencontre qui s\u2019inscrit dans le cadre de la c\u00e9l\u00e9bration de la Journ\u00e9e Nationale de l\u2019Enfant (25 mai), a \u00e9t\u00e9 l\u2019occasion d\u2019enrichir les d\u00e9bats et d\u2019\u00e9changer les exp\u00e9riences pionni\u00e8res et les bonnes pratiques, et de cerner les imperfections et les lacunes et ce, dans la perspective de les combler.<\/p>\n<\/div>\n<p>Auteur: Meriem IGASS<br \/>\n<a href=\"http:\/\/www.mapmarrakech.ma\/fr\/concours-regional-de-lart-de-plaidoirie-mineurs-remise-des-prix\/\">Cliquez ici pour lire l&rsquo;article depuis sa source.<\/a><\/p>\n","protected":false},"excerpt":{"rendered":"<p>Marrakech \u2013 La Fondation Mohammed VI pour la R\u00e9insertion des D\u00e9tenus a organis\u00e9 samedi \u00e0 Marrakech, une c\u00e9r\u00e9monie pour r\u00e9compenser les laur\u00e9ats du concours r\u00e9gional de l\u2019art de plaidoirie en mati\u00e8re de justice des mineurs. Organis\u00e9 avec l\u2019appui de l\u2019UNICEF dans le cadre du colloque r\u00e9gional autour du th\u00e8me \u00ab\u00a0L\u2019Enfant en conflit avec la Loi [&hellip;]<\/p>\n","protected":false},"author":1788,"featured_media":0,"comment_status":"closed","ping_status":"closed","sticky":false,"template":"","format":"standard","meta":{"fifu_image_url":"","fifu_image_alt":"","footnotes":""},"categories":[54,76],"tags":[],"class_list":["post-118559","post","type-post","status-publish","format-standard","hentry","category-maroc","category-regions"],"_links":{"self":[{"href":"https:\/\/linitiative.ca\/International\/wp-json\/wp\/v2\/posts\/118559","targetHints":{"allow":["GET"]}}],"collection":[{"href":"https:\/\/linitiative.ca\/International\/wp-json\/wp\/v2\/posts"}],"about":[{"href":"https:\/\/linitiative.ca\/International\/wp-json\/wp\/v2\/types\/post"}],"author":[{"embeddable":true,"href":"https:\/\/linitiative.ca\/International\/wp-json\/wp\/v2\/users\/1788"}],"replies":[{"embeddable":true,"href":"https:\/\/linitiative.ca\/International\/wp-json\/wp\/v2\/comments?post=118559"}],"version-history":[{"count":0,"href":"https:\/\/linitiative.ca\/International\/wp-json\/wp\/v2\/posts\/118559\/revisions"}],"wp:attachment":[{"href":"https:\/\/linitiative.ca\/International\/wp-json\/wp\/v2\/media?parent=118559"}],"wp:term":[{"taxonomy":"category","embeddable":true,"href":"https:\/\/linitiative.ca\/International\/wp-json\/wp\/v2\/categories?post=118559"},{"taxonomy":"post_tag","embeddable":true,"href":"https:\/\/linitiative.ca\/International\/wp-json\/wp\/v2\/tags?post=118559"}],"curies":[{"name":"wp","href":"https:\/\/api.w.org\/{rel}","templated":true}]}}