{"id":11856,"date":"2019-02-06T15:14:15","date_gmt":"2019-02-06T20:14:15","guid":{"rendered":"https:\/\/linitiative.ca\/International\/international-la-juventus-en-colere-contre-douglas-costa-a-cause-de-neymar\/"},"modified":"2019-02-06T15:14:15","modified_gmt":"2019-02-06T20:14:15","slug":"international-la-juventus-en-colere-contre-douglas-costa-a-cause-de-neymar","status":"publish","type":"post","link":"https:\/\/linitiative.ca\/International\/international-la-juventus-en-colere-contre-douglas-costa-a-cause-de-neymar\/","title":{"rendered":"International : La Juventus en col\u00e8re contre Douglas Costa \u00e0 cause de Neymar ?"},"content":{"rendered":"<div readability=\"32\">\n<p>Auteur : <span class=\"time\">mercredi 06 f\u00e9vrier 2019 12:47<\/span><\/p>\n<\/div>\n<div id=\"post_core\" readability=\"54\">\n<p>Faire la f\u00eate dans la capitale fran\u00e7aise pour c\u00e9l\u00e9brer le 27e anniversaire de son co\u00e9quipier en s\u00e9lection et ami Neymar peut avoir des cons\u00e9quences quand on joue \u00e0 la Juventus. Le message envoy\u00e9 par Douglas Costa \u00e0 ses dirigeants \u00e9tait plut\u00f4t n\u00e9gatif et ces derniers n&rsquo;ont pas aim\u00e9 le voir s&rsquo;amuser \u00e0 Paris, m\u00eame si Massimiliano Allegri avait accord\u00e9 deux jours de repos \u00e0 ses joueurs dans des propos relay\u00e9s par Goal.<\/p>\n<p>Lundi matin, avant de se rendre \u00e0 Paris, l&rsquo;international br\u00e9silien de 28 ans avait \u00e9t\u00e9 impliqu\u00e9 dans un grave accident de la route sur la A4 pr\u00e8s de Santhi\u00e0. Pour lui, une grande frayeur et aucune cons\u00e9quence. Pour le conducteur de la voiture tamponn\u00e9 par la Juventus, contraint d\u2019\u00eatre hospitalis\u00e9, quelques \u00e9gratignures et, heureusement, rien de s\u00e9rieux.<\/p>\n<p>L&rsquo;ancien joueur du Bayern Munich ne devrait pas \u00eatre disponible ce wee-end pour affronter Sassuolo \u00e0 l&rsquo;ext\u00e9rieur ce dimanche. Il ne s&rsquo;agit pas l\u00e0 d&rsquo;une sanction de la part de son club mais bien d&rsquo;une blessure. Touch\u00e9 au quadriceps contre Parme, l&rsquo;international auriverde ne s&rsquo;est pas entra\u00een\u00e9 mardi apr\u00e8s-midi et devrait \u00eatre pr\u00e9serv\u00e9 par les Bianconeri.<\/p>\n<p><strong>Publi\u00e9 dans :<\/strong> <span>juventus<\/span><\/p>\n<\/div>\n","protected":false},"excerpt":{"rendered":"<p>Auteur : mercredi 06 f\u00e9vrier 2019 12:47 Faire la f\u00eate dans la capitale fran\u00e7aise pour c\u00e9l\u00e9brer le 27e anniversaire de son co\u00e9quipier en s\u00e9lection et ami Neymar peut avoir des cons\u00e9quences quand on joue \u00e0 la Juventus. Le message envoy\u00e9 par Douglas Costa \u00e0 ses dirigeants \u00e9tait plut\u00f4t n\u00e9gatif et ces derniers n&rsquo;ont pas aim\u00e9 [&hellip;]<\/p>\n","protected":false},"author":1738,"featured_media":11857,"comment_status":"closed","ping_status":"closed","sticky":false,"template":"","format":"standard","meta":{"fifu_image_url":"","fifu_image_alt":"","footnotes":""},"categories":[53,75],"tags":[],"class_list":["post-11856","post","type-post","status-publish","format-standard","has-post-thumbnail","hentry","category-algerie","category-sport"],"_links":{"self":[{"href":"https:\/\/linitiative.ca\/International\/wp-json\/wp\/v2\/posts\/11856","targetHints":{"allow":["GET"]}}],"collection":[{"href":"https:\/\/linitiative.ca\/International\/wp-json\/wp\/v2\/posts"}],"about":[{"href":"https:\/\/linitiative.ca\/International\/wp-json\/wp\/v2\/types\/post"}],"author":[{"embeddable":true,"href":"https:\/\/linitiative.ca\/International\/wp-json\/wp\/v2\/users\/1738"}],"replies":[{"embeddable":true,"href":"https:\/\/linitiative.ca\/International\/wp-json\/wp\/v2\/comments?post=11856"}],"version-history":[{"count":0,"href":"https:\/\/linitiative.ca\/International\/wp-json\/wp\/v2\/posts\/11856\/revisions"}],"wp:featuredmedia":[{"embeddable":true,"href":"https:\/\/linitiative.ca\/International\/wp-json\/"}],"wp:attachment":[{"href":"https:\/\/linitiative.ca\/International\/wp-json\/wp\/v2\/media?parent=11856"}],"wp:term":[{"taxonomy":"category","embeddable":true,"href":"https:\/\/linitiative.ca\/International\/wp-json\/wp\/v2\/categories?post=11856"},{"taxonomy":"post_tag","embeddable":true,"href":"https:\/\/linitiative.ca\/International\/wp-json\/wp\/v2\/tags?post=11856"}],"curies":[{"name":"wp","href":"https:\/\/api.w.org\/{rel}","templated":true}]}}