{"id":118562,"date":"2021-06-14T13:49:44","date_gmt":"2021-06-14T17:49:44","guid":{"rendered":"https:\/\/linitiative.ca\/International\/mre-linitiative-royale-porteuse-de-plusieurs-significations\/"},"modified":"2021-06-14T13:49:44","modified_gmt":"2021-06-14T17:49:44","slug":"mre-linitiative-royale-porteuse-de-plusieurs-significations","status":"publish","type":"post","link":"https:\/\/linitiative.ca\/International\/mre-linitiative-royale-porteuse-de-plusieurs-significations\/","title":{"rendered":"MRE: L\u2019initiative Royale, porteuse de plusieurs significations"},"content":{"rendered":"<div readability=\"38\">\n<p>Marrakech \u2013 La d\u00e9cision de Sa Majest\u00e9 le Roi Mohammed VI de faciliter le retour au Maroc des Marocains R\u00e9sidant \u00e0 l\u2019Etranger (MRE) est porteuse d\u2019avantages socio\u00e9conomiques et politiques, ainsi que de significations humaines et sociales profondes, a soulign\u00e9 le professeur des relations internationales \u00e0 l\u2019Universit\u00e9 Cadi Ayyad (UCA) de Marrakech, Dr. Driss Lagrini.<\/p>\n<\/div>\n<div readability=\"85\">\n<p>Cette initiative Royale au profit des MRE incarne des avantages sociaux et psychologiques \u00e0 m\u00eame de permettre de renforcer les liens entre les Marocains du monde et la m\u00e8re patrie notamment, suite aux r\u00e9percussions n\u00e9gatives induites par la pand\u00e9mie de la Covid-19 aux niveaux national, r\u00e9gional et international, a indiqu\u00e9 cet enseignant universitaire dans une d\u00e9claration \u00e0 la MAP.<\/p>\n<p>S\u2019agissant des avantages \u00e9conomiques et politiques, M. Lagrini a relev\u00e9 que ce geste Royal est de nature \u00e0 insuffler une nouvelle dynamique \u00e9conomique et \u00e0 promouvoir le tourisme national, outre des avantages politiques relatifs au renforcement de la confiance dans les institutions nationales et les politiques publiques qui int\u00e8grent cette frange de la soci\u00e9t\u00e9 dans leurs conclusions.<\/p>\n<p>Par ailleurs, cet universitaire n\u2019a pas manqu\u00e9 de souligner que cette d\u00e9cision Royale vient s\u2019ajouter \u00e0 plusieurs initiatives traduisant la Haute Sollicitude dont, le Souverain ne cesse d\u2019entourer les MRE, l\u2019attention particuli\u00e8re accord\u00e9e aux affaires spirituelles et sociales des Marocains du monde, leur pr\u00e9sence dans les politiques publiques, la d\u00e9fense de leurs int\u00e9r\u00eats juridiques, \u00e9conomiques et sociaux, et le renforcement de leurs liens avec leur pays d\u2019origine.<\/p>\n<p>Apr\u00e8s avoir soulign\u00e9 que cette initiative Royale intervient en parfaite harmonie avec les dispositions de la Constitution de 2011 qui accorde une grande importance au renforcement des liens entre les Marocains du Monde et la m\u00e8re patrie, l\u2019acad\u00e9micien, a relev\u00e9 que les autorit\u00e9s concern\u00e9es et les diff\u00e9rents intervenants dans le domaine du transport sont appel\u00e9s \u00e0 interagir avec les Hautes Instructions Royales de fa\u00e7on \u00e0 renforcer la confiance des MRE.<\/p>\n<p>Cette d\u00e9cision a \u00e9t\u00e9 accueillie avec beaucoup de satisfaction de la part des MRE et de leurs familles et proches, ainsi que des Marocains en g\u00e9n\u00e9ral, a-t-il conclu.<\/p>\n<p>A rappeler que dans le cadre de la Tr\u00e8s Haute Sollicitude dont SM le Roi Mohammed VI a toujours entour\u00e9 les membres de la communaut\u00e9 marocaine r\u00e9sidant \u00e0 l\u2019\u00e9tranger, et de l\u2019Attention Royale permanente \u00e0 la continuit\u00e9 de leur attachement \u00e0 la m\u00e8re patrie, le Souverain a bien voulu donner Ses Tr\u00e8s Hautes Instructions aux autorit\u00e9s comp\u00e9tentes et \u00e0 l\u2019ensemble des intervenants dans le domaine du transport, afin d\u2019\u0153uvrer \u00e0 la facilitation de leur retour au pays \u00e0 des prix abordables.<\/p>\n<p>De m\u00eame, Sa Majest\u00e9 le Roi Mohammed VI a exhort\u00e9 tous les op\u00e9rateurs du tourisme, aussi bien dans le domaine du transport que de l\u2019h\u00f4tellerie, \u00e0 prendre les dispositions n\u00e9cessaires afin d\u2019accueillir les membres de la communaut\u00e9 marocaine r\u00e9sidant \u00e0 l\u2019\u00e9tranger dans les meilleures conditions et aux meilleurs prix.<\/p>\n<\/div>\n<p>Auteur: Meriem IGASS<br \/>\n<a href=\"http:\/\/www.mapmarrakech.ma\/fr\/mre-linitiative-royale-porteuse-de-significations-humaines-et-sociales\/\">Cliquez ici pour lire l&rsquo;article depuis sa source.<\/a><\/p>\n","protected":false},"excerpt":{"rendered":"<p>Marrakech \u2013 La d\u00e9cision de Sa Majest\u00e9 le Roi Mohammed VI de faciliter le retour au Maroc des Marocains R\u00e9sidant \u00e0 l\u2019Etranger (MRE) est porteuse d\u2019avantages socio\u00e9conomiques et politiques, ainsi que de significations humaines et sociales profondes, a soulign\u00e9 le professeur des relations internationales \u00e0 l\u2019Universit\u00e9 Cadi Ayyad (UCA) de Marrakech, Dr. Driss Lagrini. Cette [&hellip;]<\/p>\n","protected":false},"author":1788,"featured_media":0,"comment_status":"closed","ping_status":"closed","sticky":false,"template":"","format":"standard","meta":{"fifu_image_url":"","fifu_image_alt":"","footnotes":""},"categories":[54,76],"tags":[],"class_list":["post-118562","post","type-post","status-publish","format-standard","hentry","category-maroc","category-regions"],"_links":{"self":[{"href":"https:\/\/linitiative.ca\/International\/wp-json\/wp\/v2\/posts\/118562","targetHints":{"allow":["GET"]}}],"collection":[{"href":"https:\/\/linitiative.ca\/International\/wp-json\/wp\/v2\/posts"}],"about":[{"href":"https:\/\/linitiative.ca\/International\/wp-json\/wp\/v2\/types\/post"}],"author":[{"embeddable":true,"href":"https:\/\/linitiative.ca\/International\/wp-json\/wp\/v2\/users\/1788"}],"replies":[{"embeddable":true,"href":"https:\/\/linitiative.ca\/International\/wp-json\/wp\/v2\/comments?post=118562"}],"version-history":[{"count":0,"href":"https:\/\/linitiative.ca\/International\/wp-json\/wp\/v2\/posts\/118562\/revisions"}],"wp:attachment":[{"href":"https:\/\/linitiative.ca\/International\/wp-json\/wp\/v2\/media?parent=118562"}],"wp:term":[{"taxonomy":"category","embeddable":true,"href":"https:\/\/linitiative.ca\/International\/wp-json\/wp\/v2\/categories?post=118562"},{"taxonomy":"post_tag","embeddable":true,"href":"https:\/\/linitiative.ca\/International\/wp-json\/wp\/v2\/tags?post=118562"}],"curies":[{"name":"wp","href":"https:\/\/api.w.org\/{rel}","templated":true}]}}