{"id":118564,"date":"2021-06-14T10:12:27","date_gmt":"2021-06-14T14:12:27","guid":{"rendered":"https:\/\/linitiative.ca\/International\/sahara-marocain-la-hongrie-soutient-officiellement-le-plan-dautonomie\/"},"modified":"2021-06-14T10:12:27","modified_gmt":"2021-06-14T14:12:27","slug":"sahara-marocain-la-hongrie-soutient-officiellement-le-plan-dautonomie","status":"publish","type":"post","link":"https:\/\/linitiative.ca\/International\/sahara-marocain-la-hongrie-soutient-officiellement-le-plan-dautonomie\/","title":{"rendered":"Sahara marocain: La Hongrie soutient officiellement le plan d&rsquo;autonomie"},"content":{"rendered":"<p class=\"rtejustify\">Le minist\u00e8re des Affaires \u00e9trang\u00e8res et du Commerce de Hongrie a publi\u00e9, lundi sur son site officiel, la d\u00e9claration conjointe maroco-hongroise qui a \u00e9t\u00e9 adopt\u00e9e \u00e0 l&rsquo;issue de la visite, le 9 juin au Maroc, du chef de la diplomatie hongroise Peter Szijjarto.<\/p>\n<p class=\"rtejustify\">Dans cette d\u00e9claration, la Hongrie soutient la proposition marocaine de plan d&rsquo;autonomie au Sahara marocain. Elle appuie \u00e9galement les efforts de d\u00e9veloppement entrepris par le Maroc dans les provinces du Sud. La Hongrie se f\u00e9licite, \u00e0 cet effet, des efforts s\u00e9rieux et cr\u00e9dibles du Maroc, en tant que p\u00f4le r\u00e9gional de stabilit\u00e9 et partenaire privil\u00e9gi\u00e9 pour le d\u00e9veloppement en Afrique.<\/p>\n<p class=\"rtejustify\">Par cette publication, la Hongrie a confirm\u00e9 l\u2019importance du partenariat strat\u00e9gique qui la lie au Maroc. A cette occasion, la Hongrie a salu\u00e9 le cap fix\u00e9 par le Roi Mohammed VI, dans une dynamique d\u2019ouverture, de progr\u00e8s et de modernit\u00e9 et se f\u00e9licite du Nouveau Mod\u00e8le de D\u00e9veloppement et de la r\u00e9gionalisation avanc\u00e9e engag\u00e9s par le Maroc.<\/p>\n<p class=\"rtejustify\">Le Maroc et la Hongrie mettent en exergue l&rsquo;importance d&rsquo;\u00e9lever le niveau de leur coop\u00e9ration \u00e9conomique et commerciale \u00e0 la hauteur de l\u2019excellence des relations politiques bilat\u00e9rales. La Hongrie salue par ailleurs le Maroc pour son r\u00f4le d\u00e9terminant et exemplaire en mati\u00e8re de lutte contre l\u2019immigration irr\u00e9guli\u00e8re, en tant que partenaire strat\u00e9gique de l\u2019Union Europ\u00e9enne.<\/p>\n<p class=\"rtejustify\">\u00a0<\/p>\n<p>Auteur: mbasraoui<br \/>\n<a href=\"https:\/\/www.leconomiste.com\/flash-infos\/sahara-marocain-la-hongrie-soutient-officiellement-le-plan-d-autonomie\">Cliquez ici pour lire l&rsquo;article depuis sa source.<\/a><\/p>\n","protected":false},"excerpt":{"rendered":"<p>Le minist\u00e8re des Affaires \u00e9trang\u00e8res et du Commerce de Hongrie a publi\u00e9, lundi sur son site officiel, la d\u00e9claration conjointe maroco-hongroise qui a \u00e9t\u00e9 adopt\u00e9e \u00e0 l&rsquo;issue de la visite, le 9 juin au Maroc, du chef de la diplomatie hongroise Peter Szijjarto. Dans cette d\u00e9claration, la Hongrie soutient la proposition marocaine de plan d&rsquo;autonomie [&hellip;]<\/p>\n","protected":false},"author":1763,"featured_media":0,"comment_status":"closed","ping_status":"closed","sticky":false,"template":"","format":"standard","meta":{"fifu_image_url":"","fifu_image_alt":"","footnotes":""},"categories":[78,54],"tags":[],"class_list":["post-118564","post","type-post","status-publish","format-standard","hentry","category-economie","category-maroc"],"_links":{"self":[{"href":"https:\/\/linitiative.ca\/International\/wp-json\/wp\/v2\/posts\/118564","targetHints":{"allow":["GET"]}}],"collection":[{"href":"https:\/\/linitiative.ca\/International\/wp-json\/wp\/v2\/posts"}],"about":[{"href":"https:\/\/linitiative.ca\/International\/wp-json\/wp\/v2\/types\/post"}],"author":[{"embeddable":true,"href":"https:\/\/linitiative.ca\/International\/wp-json\/wp\/v2\/users\/1763"}],"replies":[{"embeddable":true,"href":"https:\/\/linitiative.ca\/International\/wp-json\/wp\/v2\/comments?post=118564"}],"version-history":[{"count":0,"href":"https:\/\/linitiative.ca\/International\/wp-json\/wp\/v2\/posts\/118564\/revisions"}],"wp:attachment":[{"href":"https:\/\/linitiative.ca\/International\/wp-json\/wp\/v2\/media?parent=118564"}],"wp:term":[{"taxonomy":"category","embeddable":true,"href":"https:\/\/linitiative.ca\/International\/wp-json\/wp\/v2\/categories?post=118564"},{"taxonomy":"post_tag","embeddable":true,"href":"https:\/\/linitiative.ca\/International\/wp-json\/wp\/v2\/tags?post=118564"}],"curies":[{"name":"wp","href":"https:\/\/api.w.org\/{rel}","templated":true}]}}