{"id":118566,"date":"2021-06-14T10:44:14","date_gmt":"2021-06-14T14:44:14","guid":{"rendered":"https:\/\/linitiative.ca\/International\/representants-pleniere-sur-un-rapport-relatif-au-prescolaire\/"},"modified":"2021-06-14T10:44:14","modified_gmt":"2021-06-14T14:44:14","slug":"representants-pleniere-sur-un-rapport-relatif-au-prescolaire","status":"publish","type":"post","link":"https:\/\/linitiative.ca\/International\/representants-pleniere-sur-un-rapport-relatif-au-prescolaire\/","title":{"rendered":"Repr\u00e9sentants: pl\u00e9ni\u00e8re sur un rapport relatif au pr\u00e9scolaire"},"content":{"rendered":"<p class=\"rtejustify\">La Chambre des repr\u00e9sentants tiendra mardi une s\u00e9ance pl\u00e9ni\u00e8re consacr\u00e9e \u00e0 l&rsquo;examen du rapport du groupe de travail th\u00e9matique sur l&rsquo;enseignement pr\u00e9scolaire.<\/p>\n<p class=\"rtejustify\">Cette s\u00e9ance suivra une autre qui sera, quant \u00e0 elle, consacr\u00e9e \u00e0 l&rsquo;examen et au vote de projets de textes l\u00e9gislatifs fin pr\u00eats, a indiqu\u00e9 lundi la Chambre des repr\u00e9sentants. Les deux s\u00e9ances se tiendront en plein respect des mesures pr\u00e9ventives prises par la premi\u00e8re Chambre du parlement.<\/p>\n<p class=\"rtejustify\">\u00a0<\/p>\n<p>Auteur: mbasraoui<br \/>\n<a href=\"https:\/\/www.leconomiste.com\/flash-infos\/representants-pleniere-sur-un-rapport-relatif-au-prescolaire\">Cliquez ici pour lire l&rsquo;article depuis sa source.<\/a><\/p>\n","protected":false},"excerpt":{"rendered":"<p>La Chambre des repr\u00e9sentants tiendra mardi une s\u00e9ance pl\u00e9ni\u00e8re consacr\u00e9e \u00e0 l&rsquo;examen du rapport du groupe de travail th\u00e9matique sur l&rsquo;enseignement pr\u00e9scolaire. Cette s\u00e9ance suivra une autre qui sera, quant \u00e0 elle, consacr\u00e9e \u00e0 l&rsquo;examen et au vote de projets de textes l\u00e9gislatifs fin pr\u00eats, a indiqu\u00e9 lundi la Chambre des repr\u00e9sentants. Les deux s\u00e9ances [&hellip;]<\/p>\n","protected":false},"author":1763,"featured_media":0,"comment_status":"closed","ping_status":"closed","sticky":false,"template":"","format":"standard","meta":{"fifu_image_url":"","fifu_image_alt":"","footnotes":""},"categories":[78,54],"tags":[],"class_list":["post-118566","post","type-post","status-publish","format-standard","hentry","category-economie","category-maroc"],"_links":{"self":[{"href":"https:\/\/linitiative.ca\/International\/wp-json\/wp\/v2\/posts\/118566","targetHints":{"allow":["GET"]}}],"collection":[{"href":"https:\/\/linitiative.ca\/International\/wp-json\/wp\/v2\/posts"}],"about":[{"href":"https:\/\/linitiative.ca\/International\/wp-json\/wp\/v2\/types\/post"}],"author":[{"embeddable":true,"href":"https:\/\/linitiative.ca\/International\/wp-json\/wp\/v2\/users\/1763"}],"replies":[{"embeddable":true,"href":"https:\/\/linitiative.ca\/International\/wp-json\/wp\/v2\/comments?post=118566"}],"version-history":[{"count":0,"href":"https:\/\/linitiative.ca\/International\/wp-json\/wp\/v2\/posts\/118566\/revisions"}],"wp:attachment":[{"href":"https:\/\/linitiative.ca\/International\/wp-json\/wp\/v2\/media?parent=118566"}],"wp:term":[{"taxonomy":"category","embeddable":true,"href":"https:\/\/linitiative.ca\/International\/wp-json\/wp\/v2\/categories?post=118566"},{"taxonomy":"post_tag","embeddable":true,"href":"https:\/\/linitiative.ca\/International\/wp-json\/wp\/v2\/tags?post=118566"}],"curies":[{"name":"wp","href":"https:\/\/api.w.org\/{rel}","templated":true}]}}