{"id":118567,"date":"2021-06-14T11:16:58","date_gmt":"2021-06-14T15:16:58","guid":{"rendered":"https:\/\/linitiative.ca\/International\/covid-109-nouveaux-cas-et-2-deces\/"},"modified":"2021-06-14T11:16:58","modified_gmt":"2021-06-14T15:16:58","slug":"covid-109-nouveaux-cas-et-2-deces","status":"publish","type":"post","link":"https:\/\/linitiative.ca\/International\/covid-109-nouveaux-cas-et-2-deces\/","title":{"rendered":"Covid: 109 nouveaux cas et 2 d\u00e9c\u00e8s"},"content":{"rendered":"<p>Quelque <strong>109<\/strong> nouveaux cas d&rsquo;infection au nouveau coronavirus et <strong>314<\/strong> gu\u00e9risons ont \u00e9t\u00e9 enregistr\u00e9s au Maroc au cours des derni\u00e8res 24 heures, a indiqu\u00e9 lundi le minist\u00e8re de la Sant\u00e9.<\/p>\n<p class=\"rtejustify\">Le nombre de personnes ayant re\u00e7u la premi\u00e8re dose du vaccin a atteint <strong>9.365.541<\/strong>, tandis que les personnes compl\u00e8tement vaccin\u00e9es (1\u00e8re et 2\u00e8me doses) s&rsquo;est chiffr\u00e9 \u00e0 <strong>7.324.256<\/strong>, a soulign\u00e9 le minist\u00e8re dans son bulletin quotidien sur la situation de la Covid-19.\u00a0<\/p>\n<p class=\"rtejustify\">Les nouveaux cas d&rsquo;infection portent \u00e0\u00a0<strong>523.999<\/strong> le nombre total des contaminations depuis le premier cas signal\u00e9 en mars 2020. Le nombre des personnes r\u00e9tablies est pass\u00e9 \u00e0 <strong>511.440<\/strong>, soit un taux de gu\u00e9rison de 97,6%.<\/p>\n<p class=\"rtejustify\">Quant au nombre total des d\u00e9c\u00e8s, il est pass\u00e9 \u00e0\u00a0<strong>9.213<\/strong> avec <strong>2<\/strong>\u00a0nouveaux d\u00e9c\u00e8s.<\/p>\n<p class=\"rtejustify\">Par ailleurs, les cas actifs sont au nombre de <strong>3.346<\/strong>, tandis que les cas s\u00e9v\u00e8res ou critiques ont atteint <strong>214<\/strong>, dont <strong>3<\/strong> plac\u00e9s sous intubation et <strong>107<\/strong>\u00a0sous ventilation non invasive.<\/p>\n<blockquote readability=\"4.75\">\n<p class=\"rtecenter\"><strong>Pour plus de d\u00e9tails, voir l&rsquo;\u00e9volution en temps r\u00e9el de l&rsquo;\u00e9pid\u00e9mie sur <a href=\"https:\/\/www.leconomiste.com\/covid19\/\">https:\/\/www.leconomiste.com\/covid19\/<\/a><\/strong><\/p>\n<\/blockquote>\n<p>Auteur: mbasraoui<br \/>\n<a href=\"https:\/\/www.leconomiste.com\/flash-infos\/covid-270-nouveaux-cas-et-4-deces\">Cliquez ici pour lire l&rsquo;article depuis sa source.<\/a><\/p>\n","protected":false},"excerpt":{"rendered":"<p>Quelque 109 nouveaux cas d&rsquo;infection au nouveau coronavirus et 314 gu\u00e9risons ont \u00e9t\u00e9 enregistr\u00e9s au Maroc au cours des derni\u00e8res 24 heures, a indiqu\u00e9 lundi le minist\u00e8re de la Sant\u00e9. Le nombre de personnes ayant re\u00e7u la premi\u00e8re dose du vaccin a atteint 9.365.541, tandis que les personnes compl\u00e8tement vaccin\u00e9es (1\u00e8re et 2\u00e8me doses) s&rsquo;est [&hellip;]<\/p>\n","protected":false},"author":1763,"featured_media":0,"comment_status":"closed","ping_status":"closed","sticky":false,"template":"","format":"standard","meta":{"fifu_image_url":"","fifu_image_alt":"","footnotes":""},"categories":[78,54],"tags":[],"class_list":["post-118567","post","type-post","status-publish","format-standard","hentry","category-economie","category-maroc"],"_links":{"self":[{"href":"https:\/\/linitiative.ca\/International\/wp-json\/wp\/v2\/posts\/118567","targetHints":{"allow":["GET"]}}],"collection":[{"href":"https:\/\/linitiative.ca\/International\/wp-json\/wp\/v2\/posts"}],"about":[{"href":"https:\/\/linitiative.ca\/International\/wp-json\/wp\/v2\/types\/post"}],"author":[{"embeddable":true,"href":"https:\/\/linitiative.ca\/International\/wp-json\/wp\/v2\/users\/1763"}],"replies":[{"embeddable":true,"href":"https:\/\/linitiative.ca\/International\/wp-json\/wp\/v2\/comments?post=118567"}],"version-history":[{"count":0,"href":"https:\/\/linitiative.ca\/International\/wp-json\/wp\/v2\/posts\/118567\/revisions"}],"wp:attachment":[{"href":"https:\/\/linitiative.ca\/International\/wp-json\/wp\/v2\/media?parent=118567"}],"wp:term":[{"taxonomy":"category","embeddable":true,"href":"https:\/\/linitiative.ca\/International\/wp-json\/wp\/v2\/categories?post=118567"},{"taxonomy":"post_tag","embeddable":true,"href":"https:\/\/linitiative.ca\/International\/wp-json\/wp\/v2\/tags?post=118567"}],"curies":[{"name":"wp","href":"https:\/\/api.w.org\/{rel}","templated":true}]}}