{"id":118568,"date":"2021-06-14T15:14:19","date_gmt":"2021-06-14T19:14:19","guid":{"rendered":"https:\/\/linitiative.ca\/International\/international-luefa-na-pas-laisse-beaucoup-de-choix-aux-danois\/"},"modified":"2021-06-14T15:14:19","modified_gmt":"2021-06-14T19:14:19","slug":"international-luefa-na-pas-laisse-beaucoup-de-choix-aux-danois","status":"publish","type":"post","link":"https:\/\/linitiative.ca\/International\/international-luefa-na-pas-laisse-beaucoup-de-choix-aux-danois\/","title":{"rendered":"International : L&rsquo;UEFA n&rsquo;a pas laiss\u00e9 beaucoup de choix aux Danois&#8230;"},"content":{"rendered":"<div readability=\"32\">\n<p>Auteur : <span class=\"time\">lundi 14 juin 2021 12:45<\/span><\/p>\n<\/div>\n<div id=\"post_core\" readability=\"52\">\n<p>Pour le portier de Leicester, les joueurs danois se sont retrouv\u00e9s dos au mur alors qu&rsquo;ils venaient de traverser un \u00e9v\u00e8nement tr\u00e8s difficile.<\/p>\n<p>\u00ab\u00a0Nous avons \u00e9t\u00e9 mis dans une position o\u00f9, \u00e0 titre personnel, je pense que nous n&rsquo;aurions pas d\u00fb \u00eatre plac\u00e9s. Nous avions deux options : soit revenir le lendemain (le dimanche) \u00e0 midi, soit reprendre le match\u00a0\u00bb, a expliqu\u00e9 Schmeichel, confirmant ainsi les d\u00e9clarations de son p\u00e8re, Peter Schmeichel, qui a \u00e9voqu\u00e9 une possible d\u00e9faite sur tapis vert si les joueurs ne choisissaient aucune de ces deux options.<\/p>\n<p>\u00ab\u00a0Il aurait fallu que quelqu&rsquo;un plus haut plac\u00e9 que nous dise que ce n&rsquo;\u00e9tait pas le moment de prendre une telle d\u00e9cision, et que nous devrions sans doute attendre le lendemain pour d\u00e9cider\u00a0\u00bb, a regrett\u00e9 le dernier rempart de l&rsquo;\u00e9quipe du Danemark comme le rapporte Maxifoot.<\/p>\n<p><strong>Publi\u00e9 dans :<\/strong> <span>UEFA<\/span><\/p>\n<\/div>\n<p>Auteur:<br \/>\n<a href=\"http:\/\/www.lebuteur.com\/article\/detail?titre=luefa-na-pas-laisse-beaucoup-de-choix-aux-danois&#038;id=100369&#038;utm_source=feedburner&#038;utm_medium=feed&#038;utm_campaign=Feed%3A+GalerieFArtciles+%28Les+derniers+articles++-+lebuteur.com%29\">Cliquez ici pour lire l&rsquo;article depuis sa source.<\/a><\/p>\n","protected":false},"excerpt":{"rendered":"<p>Auteur : lundi 14 juin 2021 12:45 Pour le portier de Leicester, les joueurs danois se sont retrouv\u00e9s dos au mur alors qu&rsquo;ils venaient de traverser un \u00e9v\u00e8nement tr\u00e8s difficile. \u00ab\u00a0Nous avons \u00e9t\u00e9 mis dans une position o\u00f9, \u00e0 titre personnel, je pense que nous n&rsquo;aurions pas d\u00fb \u00eatre plac\u00e9s. Nous avions deux options : [&hellip;]<\/p>\n","protected":false},"author":1738,"featured_media":0,"comment_status":"closed","ping_status":"closed","sticky":false,"template":"","format":"standard","meta":{"fifu_image_url":"\/\/cdn.lebuteur.com\/data\/images\/article\/thumbs\/large-luefa-na-pas-laisse-beaucoup-de-choix-aux-danois-082e7.jpg","fifu_image_alt":"International : L'UEFA n'a pas laiss\u00e9 beaucoup de choix aux Danois...","footnotes":""},"categories":[53,75],"tags":[],"class_list":["post-118568","post","type-post","status-publish","format-standard","hentry","category-algerie","category-sport"],"_links":{"self":[{"href":"https:\/\/linitiative.ca\/International\/wp-json\/wp\/v2\/posts\/118568","targetHints":{"allow":["GET"]}}],"collection":[{"href":"https:\/\/linitiative.ca\/International\/wp-json\/wp\/v2\/posts"}],"about":[{"href":"https:\/\/linitiative.ca\/International\/wp-json\/wp\/v2\/types\/post"}],"author":[{"embeddable":true,"href":"https:\/\/linitiative.ca\/International\/wp-json\/wp\/v2\/users\/1738"}],"replies":[{"embeddable":true,"href":"https:\/\/linitiative.ca\/International\/wp-json\/wp\/v2\/comments?post=118568"}],"version-history":[{"count":0,"href":"https:\/\/linitiative.ca\/International\/wp-json\/wp\/v2\/posts\/118568\/revisions"}],"wp:attachment":[{"href":"https:\/\/linitiative.ca\/International\/wp-json\/wp\/v2\/media?parent=118568"}],"wp:term":[{"taxonomy":"category","embeddable":true,"href":"https:\/\/linitiative.ca\/International\/wp-json\/wp\/v2\/categories?post=118568"},{"taxonomy":"post_tag","embeddable":true,"href":"https:\/\/linitiative.ca\/International\/wp-json\/wp\/v2\/tags?post=118568"}],"curies":[{"name":"wp","href":"https:\/\/api.w.org\/{rel}","templated":true}]}}