{"id":118570,"date":"2021-06-14T15:14:23","date_gmt":"2021-06-14T19:14:23","guid":{"rendered":"https:\/\/linitiative.ca\/International\/international-euro-2021-lecosse-sincline-face-a-la-republique-tcheque\/"},"modified":"2021-06-14T15:14:23","modified_gmt":"2021-06-14T19:14:23","slug":"international-euro-2021-lecosse-sincline-face-a-la-republique-tcheque","status":"publish","type":"post","link":"https:\/\/linitiative.ca\/International\/international-euro-2021-lecosse-sincline-face-a-la-republique-tcheque\/","title":{"rendered":"International : Euro 2021 : L&rsquo;Ecosse s&rsquo;incline face \u00e0 la R\u00e9publique Tch\u00e9que"},"content":{"rendered":"<div readability=\"32\">\n<p>Auteur : <span class=\"time\">lundi 14 juin 2021 16:00<\/span><\/p>\n<\/div>\n<div id=\"post_core\" readability=\"48\">\n<p>Domin\u00e9e d\u2019embl\u00e9e malgr\u00e9 la pr\u00e9sence de ses supporters, l\u2019\u00c9cosse a proc\u00e9d\u00e9 en contre. La R\u00e9publique tch\u00e8que allait n\u00e9anmoins \u00eatre r\u00e9compens\u00e9e gr\u00e2ce \u00e0 un Patrick Schick inspir\u00e9 ce lundi.\u00a0Une jolie t\u00eate d\u00e9crois\u00e9e cons\u00e9cutivement \u00e0 un centre venu de la droite sign\u00e9 Coufal pour le 1-0. Le score au repos.<\/p>\n<p>En d\u00e9but de seconde p\u00e9riode, Hendry catapultait le cuir sur la transversale de Vaclik d\u2019un tir sur la droite, mais malgr\u00e9 cette opportunit\u00e9 \u00e9cossaise, c\u2019est encore la R\u00e9publique tch\u00e8que qui allait marquer, encore une fois gr\u00e2ce \u00e0 Patrick Schick. Comme un air de d\u00e9j\u00e0 vu donc\u2026 \u00c0 la diff\u00e9rence que cette fois, il s\u2019agissait d\u2019un v\u00e9ritable coup de g\u00e9nie. Un superbe lob du gauche juste apr\u00e8s avoir pass\u00e9 la ligne m\u00e9diane qui surprenait Marshall. Source : Football365.<\/p>\n<p><strong>Publi\u00e9 dans :<\/strong> <span>R\u00e9publique Tch\u00e8que<\/span> <span>Euro 2021 : Ecosse<\/span><\/p>\n<\/div>\n<p>Auteur:<br \/>\n<a href=\"http:\/\/www.lebuteur.com\/article\/detail?titre=euro-2021-lecosse-sincline-face-a-la-republique-tcheque&#038;id=100372&#038;utm_source=feedburner&#038;utm_medium=feed&#038;utm_campaign=Feed%3A+GalerieFArtciles+%28Les+derniers+articles++-+lebuteur.com%29\">Cliquez ici pour lire l&rsquo;article depuis sa source.<\/a><\/p>\n","protected":false},"excerpt":{"rendered":"<p>Auteur : lundi 14 juin 2021 16:00 Domin\u00e9e d\u2019embl\u00e9e malgr\u00e9 la pr\u00e9sence de ses supporters, l\u2019\u00c9cosse a proc\u00e9d\u00e9 en contre. La R\u00e9publique tch\u00e8que allait n\u00e9anmoins \u00eatre r\u00e9compens\u00e9e gr\u00e2ce \u00e0 un Patrick Schick inspir\u00e9 ce lundi.\u00a0Une jolie t\u00eate d\u00e9crois\u00e9e cons\u00e9cutivement \u00e0 un centre venu de la droite sign\u00e9 Coufal pour le 1-0. Le score au repos. [&hellip;]<\/p>\n","protected":false},"author":1738,"featured_media":0,"comment_status":"closed","ping_status":"closed","sticky":false,"template":"","format":"standard","meta":{"fifu_image_url":"\/\/cdn.lebuteur.com\/data\/images\/article\/thumbs\/large-euro-2021-lecosse-sincline-face-a-la-republique-tcheque-de552.jpg","fifu_image_alt":"International : Euro 2021 : L'Ecosse s'incline face \u00e0 la R\u00e9publique Tch\u00e9que","footnotes":""},"categories":[53,75],"tags":[],"class_list":["post-118570","post","type-post","status-publish","format-standard","hentry","category-algerie","category-sport"],"_links":{"self":[{"href":"https:\/\/linitiative.ca\/International\/wp-json\/wp\/v2\/posts\/118570","targetHints":{"allow":["GET"]}}],"collection":[{"href":"https:\/\/linitiative.ca\/International\/wp-json\/wp\/v2\/posts"}],"about":[{"href":"https:\/\/linitiative.ca\/International\/wp-json\/wp\/v2\/types\/post"}],"author":[{"embeddable":true,"href":"https:\/\/linitiative.ca\/International\/wp-json\/wp\/v2\/users\/1738"}],"replies":[{"embeddable":true,"href":"https:\/\/linitiative.ca\/International\/wp-json\/wp\/v2\/comments?post=118570"}],"version-history":[{"count":0,"href":"https:\/\/linitiative.ca\/International\/wp-json\/wp\/v2\/posts\/118570\/revisions"}],"wp:attachment":[{"href":"https:\/\/linitiative.ca\/International\/wp-json\/wp\/v2\/media?parent=118570"}],"wp:term":[{"taxonomy":"category","embeddable":true,"href":"https:\/\/linitiative.ca\/International\/wp-json\/wp\/v2\/categories?post=118570"},{"taxonomy":"post_tag","embeddable":true,"href":"https:\/\/linitiative.ca\/International\/wp-json\/wp\/v2\/tags?post=118570"}],"curies":[{"name":"wp","href":"https:\/\/api.w.org\/{rel}","templated":true}]}}