{"id":118572,"date":"2021-06-14T15:14:27","date_gmt":"2021-06-14T19:14:27","guid":{"rendered":"https:\/\/linitiative.ca\/International\/international-deja-le-but-de-leuro-pour-patrik-schick-video\/"},"modified":"2021-06-14T15:14:27","modified_gmt":"2021-06-14T19:14:27","slug":"international-deja-le-but-de-leuro-pour-patrik-schick-video","status":"publish","type":"post","link":"https:\/\/linitiative.ca\/International\/international-deja-le-but-de-leuro-pour-patrik-schick-video\/","title":{"rendered":"International : D\u00e9j\u00e0 le but de l&rsquo;Euro pour Patrik Schick ? (Vid\u00e9o)"},"content":{"rendered":"<div readability=\"32\">\n<p>Auteur : <span class=\"time\">lundi 14 juin 2021 18:03<\/span><\/p>\n<\/div>\n<div id=\"post_core\" readability=\"33.396103896104\">\n<p>Auteur de l&rsquo;ouverture du score contre l&rsquo;Ecosse avant la pause (2-0 en cours), l&rsquo;attaquant de la R\u00e9publique tch\u00e8que a doubl\u00e9 la mise en d\u00e9but de seconde p\u00e9riode d&rsquo;un lob exceptionnel de 50 m\u00e8tres ! Tient-on d\u00e9j\u00e0 le plus beau but de cet Euro ?<\/p>\n<p><strong><a href=\"https:\/\/streamwo.com\/3duawny\"><span class=\"c2\">Vid\u00e9o du but de Patrik Schick<\/span><\/a><\/strong><\/p>\n<p><iframe loading=\"lazy\" allow=\"accelerometer; autoplay; clipboard-write; encrypted-media; gyroscope; picture-in-picture\" allowfullscreen=\"allowfullscreen\" frameborder=\"0\" height=\"315\" src=\"https:\/\/www.youtube.com\/embed\/ajGm38LB-kk\" title=\"YouTube video player\" width=\"560\">[embedded content]<\/iframe><\/p>\n<p><strong>Publi\u00e9 dans :<\/strong> <span>Euro 2020<\/span><\/p>\n<\/div>\n<p>Auteur:<br \/>\n<a href=\"http:\/\/www.lebuteur.com\/article\/detail?titre=deja-le-but-de-leuro-pour-patrik-schick-video&#038;id=100373&#038;utm_source=feedburner&#038;utm_medium=feed&#038;utm_campaign=Feed%3A+GalerieFArtciles+%28Les+derniers+articles++-+lebuteur.com%29\">Cliquez ici pour lire l&rsquo;article depuis sa source.<\/a><\/p>\n","protected":false},"excerpt":{"rendered":"<p>Auteur : lundi 14 juin 2021 18:03 Auteur de l&rsquo;ouverture du score contre l&rsquo;Ecosse avant la pause (2-0 en cours), l&rsquo;attaquant de la R\u00e9publique tch\u00e8que a doubl\u00e9 la mise en d\u00e9but de seconde p\u00e9riode d&rsquo;un lob exceptionnel de 50 m\u00e8tres ! Tient-on d\u00e9j\u00e0 le plus beau but de cet Euro ? Vid\u00e9o du but de [&hellip;]<\/p>\n","protected":false},"author":1738,"featured_media":0,"comment_status":"closed","ping_status":"closed","sticky":false,"template":"","format":"standard","meta":{"fifu_image_url":"\/\/cdn.lebuteur.com\/data\/images\/article\/thumbs\/large-deja-le-but-de-leuro-pour-patrik-schick-video-974fd.jpg","fifu_image_alt":"International : D\u00e9j\u00e0 le but de l'Euro pour Patrik Schick ? (Vid\u00e9o)","footnotes":""},"categories":[53,75],"tags":[],"class_list":["post-118572","post","type-post","status-publish","format-standard","hentry","category-algerie","category-sport"],"_links":{"self":[{"href":"https:\/\/linitiative.ca\/International\/wp-json\/wp\/v2\/posts\/118572","targetHints":{"allow":["GET"]}}],"collection":[{"href":"https:\/\/linitiative.ca\/International\/wp-json\/wp\/v2\/posts"}],"about":[{"href":"https:\/\/linitiative.ca\/International\/wp-json\/wp\/v2\/types\/post"}],"author":[{"embeddable":true,"href":"https:\/\/linitiative.ca\/International\/wp-json\/wp\/v2\/users\/1738"}],"replies":[{"embeddable":true,"href":"https:\/\/linitiative.ca\/International\/wp-json\/wp\/v2\/comments?post=118572"}],"version-history":[{"count":0,"href":"https:\/\/linitiative.ca\/International\/wp-json\/wp\/v2\/posts\/118572\/revisions"}],"wp:attachment":[{"href":"https:\/\/linitiative.ca\/International\/wp-json\/wp\/v2\/media?parent=118572"}],"wp:term":[{"taxonomy":"category","embeddable":true,"href":"https:\/\/linitiative.ca\/International\/wp-json\/wp\/v2\/categories?post=118572"},{"taxonomy":"post_tag","embeddable":true,"href":"https:\/\/linitiative.ca\/International\/wp-json\/wp\/v2\/tags?post=118572"}],"curies":[{"name":"wp","href":"https:\/\/api.w.org\/{rel}","templated":true}]}}